{"id":11207,"date":"2016-04-07T13:08:24","date_gmt":"2016-04-07T16:08:24","guid":{"rendered":"https:\/\/www.atins.me\/pt-br\/maratona-em-atins\/"},"modified":"2016-04-16T14:12:00","modified_gmt":"2016-04-16T17:12:00","slug":"maratona-em-atins","status":"publish","type":"post","link":"https:\/\/www.atins.me\/pt-br\/maratona-em-atins\/","title":{"rendered":"Maratona em Atins"},"content":{"rendered":"<p>No final de abril, 30 de abril, haver\u00e1 um outro primeiro para Atins. A primeira corrida de longa dist\u00e2ncia de v\u00e1rias dist\u00e2ncias: Uma\u00a0maratona completa de 42 km acompanhado das corridas mais curtas das dist\u00e2ncias de 9K e 13K.<br \/>\nPromotor \u00e9 Corridas de Montanha de S\u00e3o Paulo e detalhes podem ser encontrados <a href=\"http:\/\/www.corridasdemontanha.com.br\/beta\/?ee=30\" target=\"_blank\">aqui<\/a>.<\/p>\n<p><a href=\"https:\/\/www.atins.me\/wp-content\/uploads\/2016\/04\/Maratona-Atins.jpg\" rel=\"attachment wp-att-11134\"><img decoding=\"async\" loading=\"lazy\" class=\"alignnone size-full wp-image-11134\" src=\"https:\/\/www.atins.me\/wp-content\/uploads\/2016\/04\/Maratona-Atins.jpg\" alt=\"Maratona Atins\" width=\"952\" height=\"476\" srcset=\"https:\/\/www.atins.me\/wp-content\/uploads\/2016\/04\/Maratona-Atins.jpg 952w, https:\/\/www.atins.me\/wp-content\/uploads\/2016\/04\/Maratona-Atins-300x150.jpg 300w\" sizes=\"(max-width: 952px) 100vw, 952px\" \/><\/a><\/p>\n<p>&nbsp;<\/p>\n","protected":false},"excerpt":{"rendered":"<p>No final de abril, 30 de abril, haver\u00e1 um outro primeiro para Atins. A primeira corrida de longa dist\u00e2ncia de v\u00e1rias dist\u00e2ncias: Uma\u00a0maratona completa de 42 km acompanhado das corridas mais curtas das dist\u00e2ncias de 9K e 13K. Promotor \u00e9 Corridas de Montanha de S\u00e3o Paulo e detalhes podem ser encontrados aqui. &nbsp;<\/p>\n","protected":false},"author":2,"featured_media":11145,"comment_status":"open","ping_status":"open","sticky":false,"template":"","format":"standard","meta":{"_mi_skip_tracking":false,"_monsterinsights_sitenote_active":false,"_monsterinsights_sitenote_note":"","_monsterinsights_sitenote_category":0,"footnotes":""},"categories":[203,149,330,331],"tags":[],"yoast_head":"<!-- This site is optimized with the Yoast SEO plugin v21.0 - https:\/\/yoast.com\/wordpress\/plugins\/seo\/ -->\n<title>Maratona em Atins<\/title>\n<meta name=\"description\" content=\"A primeira corrida de longa dist\u00e2ncia de v\u00e1rias dist\u00e2ncias: Uma maratona completa de 42 km acompanhado das corridas mais curtas das dist\u00e2ncias de 9K e 13K.\" \/>\n<meta name=\"robots\" content=\"noindex, follow\" \/>\n<meta property=\"og:locale\" content=\"pt_PT\" \/>\n<meta property=\"og:type\" content=\"article\" \/>\n<meta property=\"og:title\" content=\"Maratona em Atins\" \/>\n<meta property=\"og:description\" content=\"A primeira corrida de longa dist\u00e2ncia de v\u00e1rias dist\u00e2ncias: Uma maratona completa de 42 km acompanhado das corridas mais curtas das dist\u00e2ncias de 9K e 13K.\" \/>\n<meta property=\"og:url\" content=\"https:\/\/www.atins.me\/pt-br\/maratona-em-atins\/\" \/>\n<meta property=\"og:site_name\" content=\"Atins\" \/>\n<meta property=\"article:publisher\" content=\"http:\/\/www.facebook.com\/conventoarcadia\" \/>\n<meta property=\"article:published_time\" content=\"2016-04-07T16:08:24+00:00\" \/>\n<meta property=\"article:modified_time\" content=\"2016-04-16T17:12:00+00:00\" \/>\n<meta property=\"og:image\" content=\"https:\/\/www.atins.me\/wp-content\/uploads\/2016\/04\/Key-image-Maratona-Atins.jpg\" \/>\n\t<meta property=\"og:image:width\" content=\"187\" \/>\n\t<meta property=\"og:image:height\" content=\"250\" \/>\n\t<meta property=\"og:image:type\" content=\"image\/jpeg\" \/>\n<meta name=\"author\" content=\"Olaf\" \/>\n<meta name=\"twitter:card\" content=\"summary_large_image\" \/>\n<meta name=\"twitter:creator\" content=\"@atinsme\" \/>\n<meta name=\"twitter:site\" content=\"@atinsme\" \/>\n<meta name=\"twitter:label1\" content=\"Written by\" \/>\n\t<meta name=\"twitter:data1\" content=\"Olaf\" \/>\n<script type=\"application\/ld+json\" class=\"yoast-schema-graph\">{\"@context\":\"https:\/\/schema.org\",\"@graph\":[{\"@type\":\"WebPage\",\"@id\":\"https:\/\/www.atins.me\/pt-br\/maratona-em-atins\/\",\"url\":\"https:\/\/www.atins.me\/pt-br\/maratona-em-atins\/\",\"name\":\"Maratona em Atins\",\"isPartOf\":{\"@id\":\"https:\/\/www.atins.me\/es\/#website\"},\"datePublished\":\"2016-04-07T16:08:24+00:00\",\"dateModified\":\"2016-04-16T17:12:00+00:00\",\"author\":{\"@id\":\"https:\/\/www.atins.me\/es\/#\/schema\/person\/66b52fa648e16580cc9a40548640b626\"},\"description\":\"A primeira corrida de longa dist\u00e2ncia de v\u00e1rias dist\u00e2ncias: Uma maratona completa de 42 km acompanhado das corridas mais curtas das dist\u00e2ncias de 9K e 13K.\",\"breadcrumb\":{\"@id\":\"https:\/\/www.atins.me\/pt-br\/maratona-em-atins\/#breadcrumb\"},\"inLanguage\":\"pt\",\"potentialAction\":[{\"@type\":\"ReadAction\",\"target\":[\"https:\/\/www.atins.me\/pt-br\/maratona-em-atins\/\"]}]},{\"@type\":\"BreadcrumbList\",\"@id\":\"https:\/\/www.atins.me\/pt-br\/maratona-em-atins\/#breadcrumb\",\"itemListElement\":[{\"@type\":\"ListItem\",\"position\":1,\"name\":\"Home\",\"item\":\"https:\/\/www.atins.me\/pt-br\/\"},{\"@type\":\"ListItem\",\"position\":2,\"name\":\"Atins\",\"item\":\"https:\/\/www.atins.me\/pt-br\/c\/atins-pt-br\/\"},{\"@type\":\"ListItem\",\"position\":3,\"name\":\"Maratona em Atins\"}]},{\"@type\":\"WebSite\",\"@id\":\"https:\/\/www.atins.me\/es\/#website\",\"url\":\"https:\/\/www.atins.me\/es\/\",\"name\":\"Atins\",\"description\":\"Len\u00e7\u00f3is Maranhenses\",\"potentialAction\":[{\"@type\":\"SearchAction\",\"target\":{\"@type\":\"EntryPoint\",\"urlTemplate\":\"https:\/\/www.atins.me\/es\/?s={search_term_string}\"},\"query-input\":\"required name=search_term_string\"}],\"inLanguage\":\"pt\"},{\"@type\":\"Person\",\"@id\":\"https:\/\/www.atins.me\/es\/#\/schema\/person\/66b52fa648e16580cc9a40548640b626\",\"name\":\"Olaf\",\"image\":{\"@type\":\"ImageObject\",\"inLanguage\":\"pt\",\"@id\":\"https:\/\/www.atins.me\/es\/#\/schema\/person\/image\/\",\"url\":\"https:\/\/secure.gravatar.com\/avatar\/00dd2af7bccea7faa7663ae6af4e85f4?s=96&d=mm&r=g\",\"contentUrl\":\"https:\/\/secure.gravatar.com\/avatar\/00dd2af7bccea7faa7663ae6af4e85f4?s=96&d=mm&r=g\",\"caption\":\"Olaf\"},\"url\":\"https:\/\/www.atins.me\/pt-br\/author\/olaf\/\"}]}<\/script>\n<!-- \/ Yoast SEO plugin. -->","yoast_head_json":{"title":"Maratona em Atins","description":"A primeira corrida de longa dist\u00e2ncia de v\u00e1rias dist\u00e2ncias: Uma maratona completa de 42 km acompanhado das corridas mais curtas das dist\u00e2ncias de 9K e 13K.","robots":{"index":"noindex","follow":"follow"},"og_locale":"pt_PT","og_type":"article","og_title":"Maratona em Atins","og_description":"A primeira corrida de longa dist\u00e2ncia de v\u00e1rias dist\u00e2ncias: Uma maratona completa de 42 km acompanhado das corridas mais curtas das dist\u00e2ncias de 9K e 13K.","og_url":"https:\/\/www.atins.me\/pt-br\/maratona-em-atins\/","og_site_name":"Atins","article_publisher":"http:\/\/www.facebook.com\/conventoarcadia","article_published_time":"2016-04-07T16:08:24+00:00","article_modified_time":"2016-04-16T17:12:00+00:00","og_image":[{"width":187,"height":250,"url":"https:\/\/www.atins.me\/wp-content\/uploads\/2016\/04\/Key-image-Maratona-Atins.jpg","type":"image\/jpeg"}],"author":"Olaf","twitter_card":"summary_large_image","twitter_creator":"@atinsme","twitter_site":"@atinsme","twitter_misc":{"Written by":"Olaf"},"schema":{"@context":"https:\/\/schema.org","@graph":[{"@type":"WebPage","@id":"https:\/\/www.atins.me\/pt-br\/maratona-em-atins\/","url":"https:\/\/www.atins.me\/pt-br\/maratona-em-atins\/","name":"Maratona em Atins","isPartOf":{"@id":"https:\/\/www.atins.me\/es\/#website"},"datePublished":"2016-04-07T16:08:24+00:00","dateModified":"2016-04-16T17:12:00+00:00","author":{"@id":"https:\/\/www.atins.me\/es\/#\/schema\/person\/66b52fa648e16580cc9a40548640b626"},"description":"A primeira corrida de longa dist\u00e2ncia de v\u00e1rias dist\u00e2ncias: Uma maratona completa de 42 km acompanhado das corridas mais curtas das dist\u00e2ncias de 9K e 13K.","breadcrumb":{"@id":"https:\/\/www.atins.me\/pt-br\/maratona-em-atins\/#breadcrumb"},"inLanguage":"pt","potentialAction":[{"@type":"ReadAction","target":["https:\/\/www.atins.me\/pt-br\/maratona-em-atins\/"]}]},{"@type":"BreadcrumbList","@id":"https:\/\/www.atins.me\/pt-br\/maratona-em-atins\/#breadcrumb","itemListElement":[{"@type":"ListItem","position":1,"name":"Home","item":"https:\/\/www.atins.me\/pt-br\/"},{"@type":"ListItem","position":2,"name":"Atins","item":"https:\/\/www.atins.me\/pt-br\/c\/atins-pt-br\/"},{"@type":"ListItem","position":3,"name":"Maratona em Atins"}]},{"@type":"WebSite","@id":"https:\/\/www.atins.me\/es\/#website","url":"https:\/\/www.atins.me\/es\/","name":"Atins","description":"Len\u00e7\u00f3is Maranhenses","potentialAction":[{"@type":"SearchAction","target":{"@type":"EntryPoint","urlTemplate":"https:\/\/www.atins.me\/es\/?s={search_term_string}"},"query-input":"required name=search_term_string"}],"inLanguage":"pt"},{"@type":"Person","@id":"https:\/\/www.atins.me\/es\/#\/schema\/person\/66b52fa648e16580cc9a40548640b626","name":"Olaf","image":{"@type":"ImageObject","inLanguage":"pt","@id":"https:\/\/www.atins.me\/es\/#\/schema\/person\/image\/","url":"https:\/\/secure.gravatar.com\/avatar\/00dd2af7bccea7faa7663ae6af4e85f4?s=96&d=mm&r=g","contentUrl":"https:\/\/secure.gravatar.com\/avatar\/00dd2af7bccea7faa7663ae6af4e85f4?s=96&d=mm&r=g","caption":"Olaf"},"url":"https:\/\/www.atins.me\/pt-br\/author\/olaf\/"}]}},"jetpack_featured_media_url":"https:\/\/www.atins.me\/wp-content\/uploads\/2016\/04\/Key-image-Maratona-Atins.jpg","jetpack_sharing_enabled":true,"_links":{"self":[{"href":"https:\/\/www.atins.me\/pt-br\/wp-json\/wp\/v2\/posts\/11207"}],"collection":[{"href":"https:\/\/www.atins.me\/pt-br\/wp-json\/wp\/v2\/posts"}],"about":[{"href":"https:\/\/www.atins.me\/pt-br\/wp-json\/wp\/v2\/types\/post"}],"author":[{"embeddable":true,"href":"https:\/\/www.atins.me\/pt-br\/wp-json\/wp\/v2\/users\/2"}],"replies":[{"embeddable":true,"href":"https:\/\/www.atins.me\/pt-br\/wp-json\/wp\/v2\/comments?post=11207"}],"version-history":[{"count":0,"href":"https:\/\/www.atins.me\/pt-br\/wp-json\/wp\/v2\/posts\/11207\/revisions"}],"wp:featuredmedia":[{"embeddable":true,"href":"https:\/\/www.atins.me\/pt-br\/wp-json\/wp\/v2\/media\/11145"}],"wp:attachment":[{"href":"https:\/\/www.atins.me\/pt-br\/wp-json\/wp\/v2\/media?parent=11207"}],"wp:term":[{"taxonomy":"category","embeddable":true,"href":"https:\/\/www.atins.me\/pt-br\/wp-json\/wp\/v2\/categories?post=11207"},{"taxonomy":"post_tag","embeddable":true,"href":"https:\/\/www.atins.me\/pt-br\/wp-json\/wp\/v2\/tags?post=11207"}],"curies":[{"name":"wp","href":"https:\/\/api.w.org\/{rel}","templated":true}]}}