{"id":11202,"date":"2016-04-07T19:10:18","date_gmt":"2016-04-07T22:10:18","guid":{"rendered":"https:\/\/www.atins.me\/pt-br\/governo-autoriza-reinicio-de-obras-aeroporto-de-barreirinhas-no-ma\/"},"modified":"2016-04-16T14:07:45","modified_gmt":"2016-04-16T17:07:45","slug":"governo-autoriza-reinicio-de-obras-aeroporto-de-barreirinhas-no-ma","status":"publish","type":"post","link":"https:\/\/www.atins.me\/pt-br\/governo-autoriza-reinicio-de-obras-aeroporto-de-barreirinhas-no-ma\/","title":{"rendered":"Governo autoriza rein\u00edcio de obras do Aeroporto de Barreirinhas"},"content":{"rendered":"<p>Fl\u00e1vio Dino e o prefeito L\u00e9o Costa assinaram ordem de servi\u00e7o.<br \/>\nPrevis\u00e3o de entrega da obra, or\u00e7ada em R$ 4,8 milh\u00f5es, \u00e9 de 90 dias. <a href=\"http:\/\/g1.globo.com\/ma\/maranhao\/noticia\/2016\/02\/governo-autoriza-reinicio-de-obras-do-aeroporto-de-barreirinhas-no-ma.html\" target=\"_blank\">Leia mais..<\/a><\/p>\n<p><a href=\"https:\/\/www.atins.me\/wp-content\/uploads\/2016\/04\/assinatura_ordem_servico_aeroporto_de_barreirinhas_19.png\" rel=\"attachment wp-att-11149\"><img decoding=\"async\" loading=\"lazy\" class=\"alignnone size-full wp-image-11149\" src=\"https:\/\/www.atins.me\/wp-content\/uploads\/2016\/04\/assinatura_ordem_servico_aeroporto_de_barreirinhas_19.png\" alt=\"Aeroporto Barreirinhas\" width=\"952\" height=\"476\" srcset=\"https:\/\/www.atins.me\/wp-content\/uploads\/2016\/04\/assinatura_ordem_servico_aeroporto_de_barreirinhas_19.png 952w, https:\/\/www.atins.me\/wp-content\/uploads\/2016\/04\/assinatura_ordem_servico_aeroporto_de_barreirinhas_19-300x150.png 300w\" sizes=\"(max-width: 952px) 100vw, 952px\" \/><\/a><\/p>\n","protected":false},"excerpt":{"rendered":"<p>Fl\u00e1vio Dino e o prefeito L\u00e9o Costa assinaram ordem de servi\u00e7o. Previs\u00e3o de entrega da obra, or\u00e7ada em R$ 4,8 milh\u00f5es, \u00e9 de 90 dias. Leia mais..<\/p>\n","protected":false},"author":2,"featured_media":11154,"comment_status":"open","ping_status":"open","sticky":false,"template":"","format":"standard","meta":{"_mi_skip_tracking":false,"_monsterinsights_sitenote_active":false,"_monsterinsights_sitenote_note":"","_monsterinsights_sitenote_category":0,"footnotes":""},"categories":[329,149,330,331],"tags":[],"yoast_head":"<!-- This site is optimized with the Yoast SEO plugin v21.0 - https:\/\/yoast.com\/wordpress\/plugins\/seo\/ -->\n<title>Governo autoriza rein\u00edcio de obras do Aeroporto de Barreirinhas<\/title>\n<meta name=\"description\" content=\"Fl\u00e1vio Dino e o prefeito L\u00e9o Costa assinaram ordem de servi\u00e7o. Previs\u00e3o de entrega da obra, or\u00e7ada em R$ 4,8 milh\u00f5es, \u00e9 de 90 dias.\" \/>\n<meta name=\"robots\" content=\"noindex, follow\" \/>\n<meta property=\"og:locale\" content=\"pt_PT\" \/>\n<meta property=\"og:type\" content=\"article\" \/>\n<meta property=\"og:title\" content=\"Governo autoriza rein\u00edcio de obras do Aeroporto de Barreirinhas\" \/>\n<meta property=\"og:description\" content=\"Fl\u00e1vio Dino e o prefeito L\u00e9o Costa assinaram ordem de servi\u00e7o. Previs\u00e3o de entrega da obra, or\u00e7ada em R$ 4,8 milh\u00f5es, \u00e9 de 90 dias.\" \/>\n<meta property=\"og:url\" content=\"https:\/\/www.atins.me\/pt-br\/governo-autoriza-reinicio-de-obras-aeroporto-de-barreirinhas-no-ma\/\" \/>\n<meta property=\"og:site_name\" content=\"Atins\" \/>\n<meta property=\"article:publisher\" content=\"http:\/\/www.facebook.com\/conventoarcadia\" \/>\n<meta property=\"article:published_time\" content=\"2016-04-07T22:10:18+00:00\" \/>\n<meta property=\"article:modified_time\" content=\"2016-04-16T17:07:45+00:00\" \/>\n<meta property=\"og:image\" content=\"https:\/\/www.atins.me\/wp-content\/uploads\/2016\/04\/assinatura_ordem_servico_aeroporto_de_barreirinhas_19.png\" \/>\n\t<meta property=\"og:image:width\" content=\"952\" \/>\n\t<meta property=\"og:image:height\" content=\"476\" \/>\n\t<meta property=\"og:image:type\" content=\"image\/png\" \/>\n<meta name=\"author\" content=\"Olaf\" \/>\n<meta name=\"twitter:card\" content=\"summary_large_image\" \/>\n<meta name=\"twitter:creator\" content=\"@atinsme\" \/>\n<meta name=\"twitter:site\" content=\"@atinsme\" \/>\n<meta name=\"twitter:label1\" content=\"Written by\" \/>\n\t<meta name=\"twitter:data1\" content=\"Olaf\" \/>\n<script type=\"application\/ld+json\" class=\"yoast-schema-graph\">{\"@context\":\"https:\/\/schema.org\",\"@graph\":[{\"@type\":\"WebPage\",\"@id\":\"https:\/\/www.atins.me\/pt-br\/governo-autoriza-reinicio-de-obras-aeroporto-de-barreirinhas-no-ma\/\",\"url\":\"https:\/\/www.atins.me\/pt-br\/governo-autoriza-reinicio-de-obras-aeroporto-de-barreirinhas-no-ma\/\",\"name\":\"Governo autoriza rein\u00edcio de obras do Aeroporto de Barreirinhas\",\"isPartOf\":{\"@id\":\"https:\/\/www.atins.me\/es\/#website\"},\"datePublished\":\"2016-04-07T22:10:18+00:00\",\"dateModified\":\"2016-04-16T17:07:45+00:00\",\"author\":{\"@id\":\"https:\/\/www.atins.me\/es\/#\/schema\/person\/66b52fa648e16580cc9a40548640b626\"},\"description\":\"Fl\u00e1vio Dino e o prefeito L\u00e9o Costa assinaram ordem de servi\u00e7o. Previs\u00e3o de entrega da obra, or\u00e7ada em R$ 4,8 milh\u00f5es, \u00e9 de 90 dias.\",\"breadcrumb\":{\"@id\":\"https:\/\/www.atins.me\/pt-br\/governo-autoriza-reinicio-de-obras-aeroporto-de-barreirinhas-no-ma\/#breadcrumb\"},\"inLanguage\":\"pt\",\"potentialAction\":[{\"@type\":\"ReadAction\",\"target\":[\"https:\/\/www.atins.me\/pt-br\/governo-autoriza-reinicio-de-obras-aeroporto-de-barreirinhas-no-ma\/\"]}]},{\"@type\":\"BreadcrumbList\",\"@id\":\"https:\/\/www.atins.me\/pt-br\/governo-autoriza-reinicio-de-obras-aeroporto-de-barreirinhas-no-ma\/#breadcrumb\",\"itemListElement\":[{\"@type\":\"ListItem\",\"position\":1,\"name\":\"Home\",\"item\":\"https:\/\/www.atins.me\/pt-br\/\"},{\"@type\":\"ListItem\",\"position\":2,\"name\":\"Convento\",\"item\":\"https:\/\/www.atins.me\/pt-br\/c\/convento-pt-br\/\"},{\"@type\":\"ListItem\",\"position\":3,\"name\":\"Governo autoriza rein\u00edcio de obras do Aeroporto de Barreirinhas\"}]},{\"@type\":\"WebSite\",\"@id\":\"https:\/\/www.atins.me\/es\/#website\",\"url\":\"https:\/\/www.atins.me\/es\/\",\"name\":\"Atins\",\"description\":\"Len\u00e7\u00f3is Maranhenses\",\"potentialAction\":[{\"@type\":\"SearchAction\",\"target\":{\"@type\":\"EntryPoint\",\"urlTemplate\":\"https:\/\/www.atins.me\/es\/?s={search_term_string}\"},\"query-input\":\"required name=search_term_string\"}],\"inLanguage\":\"pt\"},{\"@type\":\"Person\",\"@id\":\"https:\/\/www.atins.me\/es\/#\/schema\/person\/66b52fa648e16580cc9a40548640b626\",\"name\":\"Olaf\",\"image\":{\"@type\":\"ImageObject\",\"inLanguage\":\"pt\",\"@id\":\"https:\/\/www.atins.me\/es\/#\/schema\/person\/image\/\",\"url\":\"https:\/\/secure.gravatar.com\/avatar\/00dd2af7bccea7faa7663ae6af4e85f4?s=96&d=mm&r=g\",\"contentUrl\":\"https:\/\/secure.gravatar.com\/avatar\/00dd2af7bccea7faa7663ae6af4e85f4?s=96&d=mm&r=g\",\"caption\":\"Olaf\"},\"url\":\"https:\/\/www.atins.me\/pt-br\/author\/olaf\/\"}]}<\/script>\n<!-- \/ Yoast SEO plugin. -->","yoast_head_json":{"title":"Governo autoriza rein\u00edcio de obras do Aeroporto de Barreirinhas","description":"Fl\u00e1vio Dino e o prefeito L\u00e9o Costa assinaram ordem de servi\u00e7o. Previs\u00e3o de entrega da obra, or\u00e7ada em R$ 4,8 milh\u00f5es, \u00e9 de 90 dias.","robots":{"index":"noindex","follow":"follow"},"og_locale":"pt_PT","og_type":"article","og_title":"Governo autoriza rein\u00edcio de obras do Aeroporto de Barreirinhas","og_description":"Fl\u00e1vio Dino e o prefeito L\u00e9o Costa assinaram ordem de servi\u00e7o. Previs\u00e3o de entrega da obra, or\u00e7ada em R$ 4,8 milh\u00f5es, \u00e9 de 90 dias.","og_url":"https:\/\/www.atins.me\/pt-br\/governo-autoriza-reinicio-de-obras-aeroporto-de-barreirinhas-no-ma\/","og_site_name":"Atins","article_publisher":"http:\/\/www.facebook.com\/conventoarcadia","article_published_time":"2016-04-07T22:10:18+00:00","article_modified_time":"2016-04-16T17:07:45+00:00","og_image":[{"width":952,"height":476,"url":"https:\/\/www.atins.me\/wp-content\/uploads\/2016\/04\/assinatura_ordem_servico_aeroporto_de_barreirinhas_19.png","type":"image\/png"}],"author":"Olaf","twitter_card":"summary_large_image","twitter_creator":"@atinsme","twitter_site":"@atinsme","twitter_misc":{"Written by":"Olaf"},"schema":{"@context":"https:\/\/schema.org","@graph":[{"@type":"WebPage","@id":"https:\/\/www.atins.me\/pt-br\/governo-autoriza-reinicio-de-obras-aeroporto-de-barreirinhas-no-ma\/","url":"https:\/\/www.atins.me\/pt-br\/governo-autoriza-reinicio-de-obras-aeroporto-de-barreirinhas-no-ma\/","name":"Governo autoriza rein\u00edcio de obras do Aeroporto de Barreirinhas","isPartOf":{"@id":"https:\/\/www.atins.me\/es\/#website"},"datePublished":"2016-04-07T22:10:18+00:00","dateModified":"2016-04-16T17:07:45+00:00","author":{"@id":"https:\/\/www.atins.me\/es\/#\/schema\/person\/66b52fa648e16580cc9a40548640b626"},"description":"Fl\u00e1vio Dino e o prefeito L\u00e9o Costa assinaram ordem de servi\u00e7o. Previs\u00e3o de entrega da obra, or\u00e7ada em R$ 4,8 milh\u00f5es, \u00e9 de 90 dias.","breadcrumb":{"@id":"https:\/\/www.atins.me\/pt-br\/governo-autoriza-reinicio-de-obras-aeroporto-de-barreirinhas-no-ma\/#breadcrumb"},"inLanguage":"pt","potentialAction":[{"@type":"ReadAction","target":["https:\/\/www.atins.me\/pt-br\/governo-autoriza-reinicio-de-obras-aeroporto-de-barreirinhas-no-ma\/"]}]},{"@type":"BreadcrumbList","@id":"https:\/\/www.atins.me\/pt-br\/governo-autoriza-reinicio-de-obras-aeroporto-de-barreirinhas-no-ma\/#breadcrumb","itemListElement":[{"@type":"ListItem","position":1,"name":"Home","item":"https:\/\/www.atins.me\/pt-br\/"},{"@type":"ListItem","position":2,"name":"Convento","item":"https:\/\/www.atins.me\/pt-br\/c\/convento-pt-br\/"},{"@type":"ListItem","position":3,"name":"Governo autoriza rein\u00edcio de obras do Aeroporto de Barreirinhas"}]},{"@type":"WebSite","@id":"https:\/\/www.atins.me\/es\/#website","url":"https:\/\/www.atins.me\/es\/","name":"Atins","description":"Len\u00e7\u00f3is Maranhenses","potentialAction":[{"@type":"SearchAction","target":{"@type":"EntryPoint","urlTemplate":"https:\/\/www.atins.me\/es\/?s={search_term_string}"},"query-input":"required name=search_term_string"}],"inLanguage":"pt"},{"@type":"Person","@id":"https:\/\/www.atins.me\/es\/#\/schema\/person\/66b52fa648e16580cc9a40548640b626","name":"Olaf","image":{"@type":"ImageObject","inLanguage":"pt","@id":"https:\/\/www.atins.me\/es\/#\/schema\/person\/image\/","url":"https:\/\/secure.gravatar.com\/avatar\/00dd2af7bccea7faa7663ae6af4e85f4?s=96&d=mm&r=g","contentUrl":"https:\/\/secure.gravatar.com\/avatar\/00dd2af7bccea7faa7663ae6af4e85f4?s=96&d=mm&r=g","caption":"Olaf"},"url":"https:\/\/www.atins.me\/pt-br\/author\/olaf\/"}]}},"jetpack_featured_media_url":"https:\/\/www.atins.me\/wp-content\/uploads\/2016\/04\/assinatura_ordem_servico_aeroporto_de_barreirinhas_19.png","jetpack_sharing_enabled":true,"_links":{"self":[{"href":"https:\/\/www.atins.me\/pt-br\/wp-json\/wp\/v2\/posts\/11202"}],"collection":[{"href":"https:\/\/www.atins.me\/pt-br\/wp-json\/wp\/v2\/posts"}],"about":[{"href":"https:\/\/www.atins.me\/pt-br\/wp-json\/wp\/v2\/types\/post"}],"author":[{"embeddable":true,"href":"https:\/\/www.atins.me\/pt-br\/wp-json\/wp\/v2\/users\/2"}],"replies":[{"embeddable":true,"href":"https:\/\/www.atins.me\/pt-br\/wp-json\/wp\/v2\/comments?post=11202"}],"version-history":[{"count":0,"href":"https:\/\/www.atins.me\/pt-br\/wp-json\/wp\/v2\/posts\/11202\/revisions"}],"wp:featuredmedia":[{"embeddable":true,"href":"https:\/\/www.atins.me\/pt-br\/wp-json\/wp\/v2\/media\/11154"}],"wp:attachment":[{"href":"https:\/\/www.atins.me\/pt-br\/wp-json\/wp\/v2\/media?parent=11202"}],"wp:term":[{"taxonomy":"category","embeddable":true,"href":"https:\/\/www.atins.me\/pt-br\/wp-json\/wp\/v2\/categories?post=11202"},{"taxonomy":"post_tag","embeddable":true,"href":"https:\/\/www.atins.me\/pt-br\/wp-json\/wp\/v2\/tags?post=11202"}],"curies":[{"name":"wp","href":"https:\/\/api.w.org\/{rel}","templated":true}]}}