{"id":12820,"date":"2017-10-09T17:12:42","date_gmt":"2017-10-09T20:12:42","guid":{"rendered":"https:\/\/www.atins.me\/?p=12820\/"},"modified":"2017-11-06T12:36:19","modified_gmt":"2017-11-06T14:36:19","slug":"theme-song-lencois-maranhenses","status":"publish","type":"post","link":"https:\/\/www.atins.me\/es\/theme-song-lencois-maranhenses\/","title":{"rendered":"Theme song for the Len\u00e7\u00f3is Maranhenses!"},"content":{"rendered":"<p>A banda austr\u00edaca &#8220;M\u00f6we&#8221; (gaivoita) lancou uma can\u00e7\u00e3o chamado &#8220;Skyline&#8221;.\u00a0 Escolhemos o video como nosso novo tema musical para o Atins e os Len\u00e7\u00f3is Maranhenses. De uma olhada, tem umas imagens maravilhosas dos Len\u00e7\u00f3is.<\/p>\n<p><iframe loading=\"lazy\" src=\"https:\/\/player.vimeo.com\/video\/230676528\" width=\"853\" height=\"351\" frameborder=\"0\" title=\"M&ouml;we - Skyline\" webkitallowfullscreen mozallowfullscreen allowfullscreen><\/iframe><\/p>\n<p>&nbsp;<\/p>\n","protected":false},"excerpt":{"rendered":"<p>A banda austr\u00edaca &#8220;M\u00f6we&#8221; (gaivoita) lancou uma can\u00e7\u00e3o chamado &#8220;Skyline&#8221;.\u00a0 Escolhemos o video como nosso novo tema musical para o Atins e os Len\u00e7\u00f3is Maranhenses. De uma olhada, tem umas imagens maravilhosas dos Len\u00e7\u00f3is. &nbsp;<\/p>\n","protected":false},"author":2,"featured_media":12852,"comment_status":"open","ping_status":"open","sticky":false,"template":"","format":"standard","meta":{"_mi_skip_tracking":false,"_monsterinsights_sitenote_active":false,"_monsterinsights_sitenote_note":"","_monsterinsights_sitenote_category":0,"footnotes":""},"categories":[148,327,328],"tags":[],"yoast_head":"<!-- This site is optimized with the Yoast SEO plugin v21.0 - https:\/\/yoast.com\/wordpress\/plugins\/seo\/ -->\n<title>Theme song for the Len\u00e7\u00f3is Maranhenses! &ndash; Atins<\/title>\n<meta name=\"robots\" content=\"index, follow, max-snippet:-1, max-image-preview:large, max-video-preview:-1\" \/>\n<link rel=\"canonical\" href=\"https:\/\/www.atins.me\/es\/theme-song-lencois-maranhenses\/\" \/>\n<meta property=\"og:locale\" content=\"es_ES\" \/>\n<meta property=\"og:type\" content=\"article\" \/>\n<meta property=\"og:title\" content=\"Theme song for the Len\u00e7\u00f3is Maranhenses! &ndash; Atins\" \/>\n<meta property=\"og:description\" content=\"A banda austr\u00edaca &#8220;M\u00f6we&#8221; (gaivoita) lancou uma can\u00e7\u00e3o chamado &#8220;Skyline&#8221;.\u00a0 Escolhemos o video como nosso novo tema musical para o Atins e os Len\u00e7\u00f3is Maranhenses. De uma olhada, tem umas imagens maravilhosas dos Len\u00e7\u00f3is. &nbsp;\" \/>\n<meta property=\"og:url\" content=\"https:\/\/www.atins.me\/es\/theme-song-lencois-maranhenses\/\" \/>\n<meta property=\"og:site_name\" content=\"Atins\" \/>\n<meta property=\"article:publisher\" content=\"http:\/\/www.facebook.com\/conventoarcadia\" \/>\n<meta property=\"article:published_time\" content=\"2017-10-09T20:12:42+00:00\" \/>\n<meta property=\"article:modified_time\" content=\"2017-11-06T14:36:19+00:00\" \/>\n<meta property=\"og:image\" content=\"https:\/\/www.atins.me\/wp-content\/uploads\/2017\/10\/mowe.jpeg\" \/>\n\t<meta property=\"og:image:width\" content=\"225\" \/>\n\t<meta property=\"og:image:height\" content=\"375\" \/>\n\t<meta property=\"og:image:type\" content=\"image\/jpeg\" \/>\n<meta name=\"author\" content=\"Olaf\" \/>\n<meta name=\"twitter:card\" content=\"summary_large_image\" \/>\n<meta name=\"twitter:creator\" content=\"@atinsme\" \/>\n<meta name=\"twitter:site\" content=\"@atinsme\" \/>\n<meta name=\"twitter:label1\" content=\"Written by\" \/>\n\t<meta name=\"twitter:data1\" content=\"Olaf\" \/>\n<script type=\"application\/ld+json\" class=\"yoast-schema-graph\">{\"@context\":\"https:\/\/schema.org\",\"@graph\":[{\"@type\":\"WebPage\",\"@id\":\"https:\/\/www.atins.me\/es\/theme-song-lencois-maranhenses\/\",\"url\":\"https:\/\/www.atins.me\/es\/theme-song-lencois-maranhenses\/\",\"name\":\"Theme song for the Len\u00e7\u00f3is Maranhenses! &ndash; Atins\",\"isPartOf\":{\"@id\":\"https:\/\/www.atins.me\/es\/#website\"},\"datePublished\":\"2017-10-09T20:12:42+00:00\",\"dateModified\":\"2017-11-06T14:36:19+00:00\",\"author\":{\"@id\":\"https:\/\/www.atins.me\/es\/#\/schema\/person\/66b52fa648e16580cc9a40548640b626\"},\"breadcrumb\":{\"@id\":\"https:\/\/www.atins.me\/es\/theme-song-lencois-maranhenses\/#breadcrumb\"},\"inLanguage\":\"es\",\"potentialAction\":[{\"@type\":\"ReadAction\",\"target\":[\"https:\/\/www.atins.me\/es\/theme-song-lencois-maranhenses\/\"]}]},{\"@type\":\"BreadcrumbList\",\"@id\":\"https:\/\/www.atins.me\/es\/theme-song-lencois-maranhenses\/#breadcrumb\",\"itemListElement\":[{\"@type\":\"ListItem\",\"position\":1,\"name\":\"Home\",\"item\":\"https:\/\/www.atins.me\/es\/\"},{\"@type\":\"ListItem\",\"position\":2,\"name\":\"Len\u00e7\u00f3is Maranhenses\",\"item\":\"https:\/\/www.atins.me\/es\/c\/lencois-maranhenses-es\/\"},{\"@type\":\"ListItem\",\"position\":3,\"name\":\"Theme song for the Len\u00e7\u00f3is Maranhenses!\"}]},{\"@type\":\"WebSite\",\"@id\":\"https:\/\/www.atins.me\/es\/#website\",\"url\":\"https:\/\/www.atins.me\/es\/\",\"name\":\"Atins\",\"description\":\"Len\u00e7\u00f3is Maranhenses\",\"potentialAction\":[{\"@type\":\"SearchAction\",\"target\":{\"@type\":\"EntryPoint\",\"urlTemplate\":\"https:\/\/www.atins.me\/es\/?s={search_term_string}\"},\"query-input\":\"required name=search_term_string\"}],\"inLanguage\":\"es\"},{\"@type\":\"Person\",\"@id\":\"https:\/\/www.atins.me\/es\/#\/schema\/person\/66b52fa648e16580cc9a40548640b626\",\"name\":\"Olaf\",\"image\":{\"@type\":\"ImageObject\",\"inLanguage\":\"es\",\"@id\":\"https:\/\/www.atins.me\/es\/#\/schema\/person\/image\/\",\"url\":\"https:\/\/secure.gravatar.com\/avatar\/00dd2af7bccea7faa7663ae6af4e85f4?s=96&d=mm&r=g\",\"contentUrl\":\"https:\/\/secure.gravatar.com\/avatar\/00dd2af7bccea7faa7663ae6af4e85f4?s=96&d=mm&r=g\",\"caption\":\"Olaf\"},\"url\":\"https:\/\/www.atins.me\/es\/author\/olaf\/\"}]}<\/script>\n<!-- \/ Yoast SEO plugin. -->","yoast_head_json":{"title":"Theme song for the Len\u00e7\u00f3is Maranhenses! &ndash; Atins","robots":{"index":"index","follow":"follow","max-snippet":"max-snippet:-1","max-image-preview":"max-image-preview:large","max-video-preview":"max-video-preview:-1"},"canonical":"https:\/\/www.atins.me\/es\/theme-song-lencois-maranhenses\/","og_locale":"es_ES","og_type":"article","og_title":"Theme song for the Len\u00e7\u00f3is Maranhenses! &ndash; Atins","og_description":"A banda austr\u00edaca &#8220;M\u00f6we&#8221; (gaivoita) lancou uma can\u00e7\u00e3o chamado &#8220;Skyline&#8221;.\u00a0 Escolhemos o video como nosso novo tema musical para o Atins e os Len\u00e7\u00f3is Maranhenses. De uma olhada, tem umas imagens maravilhosas dos Len\u00e7\u00f3is. &nbsp;","og_url":"https:\/\/www.atins.me\/es\/theme-song-lencois-maranhenses\/","og_site_name":"Atins","article_publisher":"http:\/\/www.facebook.com\/conventoarcadia","article_published_time":"2017-10-09T20:12:42+00:00","article_modified_time":"2017-11-06T14:36:19+00:00","og_image":[{"width":225,"height":375,"url":"https:\/\/www.atins.me\/wp-content\/uploads\/2017\/10\/mowe.jpeg","type":"image\/jpeg"}],"author":"Olaf","twitter_card":"summary_large_image","twitter_creator":"@atinsme","twitter_site":"@atinsme","twitter_misc":{"Written by":"Olaf"},"schema":{"@context":"https:\/\/schema.org","@graph":[{"@type":"WebPage","@id":"https:\/\/www.atins.me\/es\/theme-song-lencois-maranhenses\/","url":"https:\/\/www.atins.me\/es\/theme-song-lencois-maranhenses\/","name":"Theme song for the Len\u00e7\u00f3is Maranhenses! &ndash; Atins","isPartOf":{"@id":"https:\/\/www.atins.me\/es\/#website"},"datePublished":"2017-10-09T20:12:42+00:00","dateModified":"2017-11-06T14:36:19+00:00","author":{"@id":"https:\/\/www.atins.me\/es\/#\/schema\/person\/66b52fa648e16580cc9a40548640b626"},"breadcrumb":{"@id":"https:\/\/www.atins.me\/es\/theme-song-lencois-maranhenses\/#breadcrumb"},"inLanguage":"es","potentialAction":[{"@type":"ReadAction","target":["https:\/\/www.atins.me\/es\/theme-song-lencois-maranhenses\/"]}]},{"@type":"BreadcrumbList","@id":"https:\/\/www.atins.me\/es\/theme-song-lencois-maranhenses\/#breadcrumb","itemListElement":[{"@type":"ListItem","position":1,"name":"Home","item":"https:\/\/www.atins.me\/es\/"},{"@type":"ListItem","position":2,"name":"Len\u00e7\u00f3is Maranhenses","item":"https:\/\/www.atins.me\/es\/c\/lencois-maranhenses-es\/"},{"@type":"ListItem","position":3,"name":"Theme song for the Len\u00e7\u00f3is Maranhenses!"}]},{"@type":"WebSite","@id":"https:\/\/www.atins.me\/es\/#website","url":"https:\/\/www.atins.me\/es\/","name":"Atins","description":"Len\u00e7\u00f3is Maranhenses","potentialAction":[{"@type":"SearchAction","target":{"@type":"EntryPoint","urlTemplate":"https:\/\/www.atins.me\/es\/?s={search_term_string}"},"query-input":"required name=search_term_string"}],"inLanguage":"es"},{"@type":"Person","@id":"https:\/\/www.atins.me\/es\/#\/schema\/person\/66b52fa648e16580cc9a40548640b626","name":"Olaf","image":{"@type":"ImageObject","inLanguage":"es","@id":"https:\/\/www.atins.me\/es\/#\/schema\/person\/image\/","url":"https:\/\/secure.gravatar.com\/avatar\/00dd2af7bccea7faa7663ae6af4e85f4?s=96&d=mm&r=g","contentUrl":"https:\/\/secure.gravatar.com\/avatar\/00dd2af7bccea7faa7663ae6af4e85f4?s=96&d=mm&r=g","caption":"Olaf"},"url":"https:\/\/www.atins.me\/es\/author\/olaf\/"}]}},"jetpack_featured_media_url":"https:\/\/www.atins.me\/wp-content\/uploads\/2017\/10\/mowe.jpeg","jetpack_sharing_enabled":true,"_links":{"self":[{"href":"https:\/\/www.atins.me\/es\/wp-json\/wp\/v2\/posts\/12820"}],"collection":[{"href":"https:\/\/www.atins.me\/es\/wp-json\/wp\/v2\/posts"}],"about":[{"href":"https:\/\/www.atins.me\/es\/wp-json\/wp\/v2\/types\/post"}],"author":[{"embeddable":true,"href":"https:\/\/www.atins.me\/es\/wp-json\/wp\/v2\/users\/2"}],"replies":[{"embeddable":true,"href":"https:\/\/www.atins.me\/es\/wp-json\/wp\/v2\/comments?post=12820"}],"version-history":[{"count":0,"href":"https:\/\/www.atins.me\/es\/wp-json\/wp\/v2\/posts\/12820\/revisions"}],"wp:featuredmedia":[{"embeddable":true,"href":"https:\/\/www.atins.me\/es\/wp-json\/wp\/v2\/media\/12852"}],"wp:attachment":[{"href":"https:\/\/www.atins.me\/es\/wp-json\/wp\/v2\/media?parent=12820"}],"wp:term":[{"taxonomy":"category","embeddable":true,"href":"https:\/\/www.atins.me\/es\/wp-json\/wp\/v2\/categories?post=12820"},{"taxonomy":"post_tag","embeddable":true,"href":"https:\/\/www.atins.me\/es\/wp-json\/wp\/v2\/tags?post=12820"}],"curies":[{"name":"wp","href":"https:\/\/api.w.org\/{rel}","templated":true}]}}