{"id":12792,"date":"2017-06-28T15:40:47","date_gmt":"2017-06-28T18:40:47","guid":{"rendered":"https:\/\/www.atins.me\/red-bull-rally-dos-ventos-2017\/"},"modified":"2017-06-28T15:41:39","modified_gmt":"2017-06-28T18:41:39","slug":"red-bull-rally-dos-ventos-2017","status":"publish","type":"post","link":"https:\/\/www.atins.me\/es\/red-bull-rally-dos-ventos-2017\/","title":{"rendered":"Red Bull Rally dos Ventos 2017 &#8211; Data confirmarda"},"content":{"rendered":"<div class=\"teaser-text__expanded\">\n<p class=\"teaser-text__summary\">A segunda edi\u00e7\u00e3o do Red Bull Rally dos Ventos est\u00e1 ainda mais animal. Os 40 melhores atletas de \u201cKite Endurance\u201d ir\u00e3o percorrer 65 quil\u00f4metros pela paisagem paradis\u00edaca dos Len\u00e7\u00f3is Maranhenses. Ser\u00e3o 45 quil\u00f4metros por praia, saindo de Atins, e 20 quil\u00f4metros por dentro do parque at\u00e9 chegar em Santo Amaro. A prova exige uma condi\u00e7\u00e3o t\u00e9cnica avan\u00e7ada por parte dos participantes que ter\u00e3o parte do percurso por \u00e1gua e parte em dunas.<\/p>\n<\/div>\n<div class=\"teaser-text__detail\">\n<p class=\"teaser-text__paragraph\">Se voc\u00ea \u00e9 atleta de kite,\u00a0<a class=\"teaser-text__link\" title=\"clique aqui\" href=\"https:\/\/docs.google.com\/forms\/d\/e\/1FAIpQLSch9P7VykWfTaF8qs3yHaCIUahro5hrgZlfsEd29uQdb6E9-A\/viewform\" target=\"_blank\" rel=\"noopener noreferrer\">clique aqui<\/a><span class=\"teaser-text--emphasized\">\u00a0para fazer sua pr\u00e9 inscri\u00e7\u00e3o.<\/span><\/p>\n<\/div>\n<p><a href=\"https:\/\/www.redbull.com\/br-pt\/events\/Red-Bull-Rally-dos-Ventos-2017\"><img decoding=\"async\" loading=\"lazy\" class=\"alignnone size-full wp-image-12786\" src=\"https:\/\/www.atins.me\/wp-content\/uploads\/2017\/06\/red-bull-rally-dos-ventos-2017.jpg\" alt=\"Red Bull Rally dos Ventos 2017\" width=\"952\" height=\"476\" srcset=\"https:\/\/www.atins.me\/wp-content\/uploads\/2017\/06\/red-bull-rally-dos-ventos-2017.jpg 952w, https:\/\/www.atins.me\/wp-content\/uploads\/2017\/06\/red-bull-rally-dos-ventos-2017-300x150.jpg 300w\" sizes=\"(max-width: 952px) 100vw, 952px\" \/><\/a><\/p>\n","protected":false},"excerpt":{"rendered":"<p>A segunda edi\u00e7\u00e3o do Red Bull Rally dos Ventos est\u00e1 ainda mais animal. Os 40 melhores atletas de \u201cKite Endurance\u201d ir\u00e3o percorrer 65 quil\u00f4metros pela paisagem paradis\u00edaca dos Len\u00e7\u00f3is Maranhenses. Ser\u00e3o 45 quil\u00f4metros por praia, saindo de Atins, e 20 quil\u00f4metros por dentro do parque at\u00e9 chegar em Santo Amaro. A prova exige uma condi\u00e7\u00e3o\u2026<\/p>\n","protected":false},"author":2,"featured_media":0,"comment_status":"open","ping_status":"open","sticky":false,"template":"","format":"standard","meta":{"_mi_skip_tracking":false,"_monsterinsights_sitenote_active":false,"_monsterinsights_sitenote_note":"","_monsterinsights_sitenote_category":0,"footnotes":""},"categories":[199,267,148,328],"tags":[],"yoast_head":"<!-- This site is optimized with the Yoast SEO plugin v21.0 - https:\/\/yoast.com\/wordpress\/plugins\/seo\/ -->\n<title>Red Bull Rally dos Ventos 2017 - Data confirmarda &ndash; Atins<\/title>\n<meta name=\"robots\" content=\"index, follow, max-snippet:-1, max-image-preview:large, max-video-preview:-1\" \/>\n<link rel=\"canonical\" href=\"https:\/\/www.atins.me\/es\/red-bull-rally-dos-ventos-2017\/\" \/>\n<meta property=\"og:locale\" content=\"es_ES\" \/>\n<meta property=\"og:type\" content=\"article\" \/>\n<meta property=\"og:title\" content=\"Red Bull Rally dos Ventos 2017 - Data confirmarda &ndash; Atins\" \/>\n<meta property=\"og:description\" content=\"A segunda edi\u00e7\u00e3o do Red Bull Rally dos Ventos est\u00e1 ainda mais animal. Os 40 melhores atletas de \u201cKite Endurance\u201d ir\u00e3o percorrer 65 quil\u00f4metros pela paisagem paradis\u00edaca dos Len\u00e7\u00f3is Maranhenses. Ser\u00e3o 45 quil\u00f4metros por praia, saindo de Atins, e 20 quil\u00f4metros por dentro do parque at\u00e9 chegar em Santo Amaro. A prova exige uma condi\u00e7\u00e3o\u2026\" \/>\n<meta property=\"og:url\" content=\"https:\/\/www.atins.me\/es\/red-bull-rally-dos-ventos-2017\/\" \/>\n<meta property=\"og:site_name\" content=\"Atins\" \/>\n<meta property=\"article:publisher\" content=\"http:\/\/www.facebook.com\/conventoarcadia\" \/>\n<meta property=\"article:published_time\" content=\"2017-06-28T18:40:47+00:00\" \/>\n<meta property=\"article:modified_time\" content=\"2017-06-28T18:41:39+00:00\" \/>\n<meta property=\"og:image\" content=\"https:\/\/www.atins.me\/wp-content\/uploads\/2017\/06\/red-bull-rally-dos-ventos-2017.jpg\" \/>\n<meta name=\"author\" content=\"Olaf\" \/>\n<meta name=\"twitter:card\" content=\"summary_large_image\" \/>\n<meta name=\"twitter:creator\" content=\"@atinsme\" \/>\n<meta name=\"twitter:site\" content=\"@atinsme\" \/>\n<meta name=\"twitter:label1\" content=\"Written by\" \/>\n\t<meta name=\"twitter:data1\" content=\"Olaf\" \/>\n<script type=\"application\/ld+json\" class=\"yoast-schema-graph\">{\"@context\":\"https:\/\/schema.org\",\"@graph\":[{\"@type\":\"WebPage\",\"@id\":\"https:\/\/www.atins.me\/es\/red-bull-rally-dos-ventos-2017\/\",\"url\":\"https:\/\/www.atins.me\/es\/red-bull-rally-dos-ventos-2017\/\",\"name\":\"Red Bull Rally dos Ventos 2017 - Data confirmarda &ndash; Atins\",\"isPartOf\":{\"@id\":\"https:\/\/www.atins.me\/es\/#website\"},\"datePublished\":\"2017-06-28T18:40:47+00:00\",\"dateModified\":\"2017-06-28T18:41:39+00:00\",\"author\":{\"@id\":\"https:\/\/www.atins.me\/es\/#\/schema\/person\/66b52fa648e16580cc9a40548640b626\"},\"breadcrumb\":{\"@id\":\"https:\/\/www.atins.me\/es\/red-bull-rally-dos-ventos-2017\/#breadcrumb\"},\"inLanguage\":\"es\",\"potentialAction\":[{\"@type\":\"ReadAction\",\"target\":[\"https:\/\/www.atins.me\/es\/red-bull-rally-dos-ventos-2017\/\"]}]},{\"@type\":\"BreadcrumbList\",\"@id\":\"https:\/\/www.atins.me\/es\/red-bull-rally-dos-ventos-2017\/#breadcrumb\",\"itemListElement\":[{\"@type\":\"ListItem\",\"position\":1,\"name\":\"Home\",\"item\":\"https:\/\/www.atins.me\/es\/\"},{\"@type\":\"ListItem\",\"position\":2,\"name\":\"Atins\",\"item\":\"https:\/\/www.atins.me\/pt-br\/c\/atins-pt-br\/\"},{\"@type\":\"ListItem\",\"position\":3,\"name\":\"Red Bull Rally dos Ventos 2017 &#8211; Data confirmarda\"}]},{\"@type\":\"WebSite\",\"@id\":\"https:\/\/www.atins.me\/es\/#website\",\"url\":\"https:\/\/www.atins.me\/es\/\",\"name\":\"Atins\",\"description\":\"Len\u00e7\u00f3is Maranhenses\",\"potentialAction\":[{\"@type\":\"SearchAction\",\"target\":{\"@type\":\"EntryPoint\",\"urlTemplate\":\"https:\/\/www.atins.me\/es\/?s={search_term_string}\"},\"query-input\":\"required name=search_term_string\"}],\"inLanguage\":\"es\"},{\"@type\":\"Person\",\"@id\":\"https:\/\/www.atins.me\/es\/#\/schema\/person\/66b52fa648e16580cc9a40548640b626\",\"name\":\"Olaf\",\"image\":{\"@type\":\"ImageObject\",\"inLanguage\":\"es\",\"@id\":\"https:\/\/www.atins.me\/es\/#\/schema\/person\/image\/\",\"url\":\"https:\/\/secure.gravatar.com\/avatar\/00dd2af7bccea7faa7663ae6af4e85f4?s=96&d=mm&r=g\",\"contentUrl\":\"https:\/\/secure.gravatar.com\/avatar\/00dd2af7bccea7faa7663ae6af4e85f4?s=96&d=mm&r=g\",\"caption\":\"Olaf\"},\"url\":\"https:\/\/www.atins.me\/es\/author\/olaf\/\"}]}<\/script>\n<!-- \/ Yoast SEO plugin. -->","yoast_head_json":{"title":"Red Bull Rally dos Ventos 2017 - Data confirmarda &ndash; Atins","robots":{"index":"index","follow":"follow","max-snippet":"max-snippet:-1","max-image-preview":"max-image-preview:large","max-video-preview":"max-video-preview:-1"},"canonical":"https:\/\/www.atins.me\/es\/red-bull-rally-dos-ventos-2017\/","og_locale":"es_ES","og_type":"article","og_title":"Red Bull Rally dos Ventos 2017 - Data confirmarda &ndash; Atins","og_description":"A segunda edi\u00e7\u00e3o do Red Bull Rally dos Ventos est\u00e1 ainda mais animal. Os 40 melhores atletas de \u201cKite Endurance\u201d ir\u00e3o percorrer 65 quil\u00f4metros pela paisagem paradis\u00edaca dos Len\u00e7\u00f3is Maranhenses. Ser\u00e3o 45 quil\u00f4metros por praia, saindo de Atins, e 20 quil\u00f4metros por dentro do parque at\u00e9 chegar em Santo Amaro. A prova exige uma condi\u00e7\u00e3o\u2026","og_url":"https:\/\/www.atins.me\/es\/red-bull-rally-dos-ventos-2017\/","og_site_name":"Atins","article_publisher":"http:\/\/www.facebook.com\/conventoarcadia","article_published_time":"2017-06-28T18:40:47+00:00","article_modified_time":"2017-06-28T18:41:39+00:00","og_image":[{"url":"https:\/\/www.atins.me\/wp-content\/uploads\/2017\/06\/red-bull-rally-dos-ventos-2017.jpg"}],"author":"Olaf","twitter_card":"summary_large_image","twitter_creator":"@atinsme","twitter_site":"@atinsme","twitter_misc":{"Written by":"Olaf"},"schema":{"@context":"https:\/\/schema.org","@graph":[{"@type":"WebPage","@id":"https:\/\/www.atins.me\/es\/red-bull-rally-dos-ventos-2017\/","url":"https:\/\/www.atins.me\/es\/red-bull-rally-dos-ventos-2017\/","name":"Red Bull Rally dos Ventos 2017 - Data confirmarda &ndash; Atins","isPartOf":{"@id":"https:\/\/www.atins.me\/es\/#website"},"datePublished":"2017-06-28T18:40:47+00:00","dateModified":"2017-06-28T18:41:39+00:00","author":{"@id":"https:\/\/www.atins.me\/es\/#\/schema\/person\/66b52fa648e16580cc9a40548640b626"},"breadcrumb":{"@id":"https:\/\/www.atins.me\/es\/red-bull-rally-dos-ventos-2017\/#breadcrumb"},"inLanguage":"es","potentialAction":[{"@type":"ReadAction","target":["https:\/\/www.atins.me\/es\/red-bull-rally-dos-ventos-2017\/"]}]},{"@type":"BreadcrumbList","@id":"https:\/\/www.atins.me\/es\/red-bull-rally-dos-ventos-2017\/#breadcrumb","itemListElement":[{"@type":"ListItem","position":1,"name":"Home","item":"https:\/\/www.atins.me\/es\/"},{"@type":"ListItem","position":2,"name":"Atins","item":"https:\/\/www.atins.me\/pt-br\/c\/atins-pt-br\/"},{"@type":"ListItem","position":3,"name":"Red Bull Rally dos Ventos 2017 &#8211; Data confirmarda"}]},{"@type":"WebSite","@id":"https:\/\/www.atins.me\/es\/#website","url":"https:\/\/www.atins.me\/es\/","name":"Atins","description":"Len\u00e7\u00f3is Maranhenses","potentialAction":[{"@type":"SearchAction","target":{"@type":"EntryPoint","urlTemplate":"https:\/\/www.atins.me\/es\/?s={search_term_string}"},"query-input":"required name=search_term_string"}],"inLanguage":"es"},{"@type":"Person","@id":"https:\/\/www.atins.me\/es\/#\/schema\/person\/66b52fa648e16580cc9a40548640b626","name":"Olaf","image":{"@type":"ImageObject","inLanguage":"es","@id":"https:\/\/www.atins.me\/es\/#\/schema\/person\/image\/","url":"https:\/\/secure.gravatar.com\/avatar\/00dd2af7bccea7faa7663ae6af4e85f4?s=96&d=mm&r=g","contentUrl":"https:\/\/secure.gravatar.com\/avatar\/00dd2af7bccea7faa7663ae6af4e85f4?s=96&d=mm&r=g","caption":"Olaf"},"url":"https:\/\/www.atins.me\/es\/author\/olaf\/"}]}},"jetpack_featured_media_url":"","jetpack_sharing_enabled":true,"_links":{"self":[{"href":"https:\/\/www.atins.me\/es\/wp-json\/wp\/v2\/posts\/12792"}],"collection":[{"href":"https:\/\/www.atins.me\/es\/wp-json\/wp\/v2\/posts"}],"about":[{"href":"https:\/\/www.atins.me\/es\/wp-json\/wp\/v2\/types\/post"}],"author":[{"embeddable":true,"href":"https:\/\/www.atins.me\/es\/wp-json\/wp\/v2\/users\/2"}],"replies":[{"embeddable":true,"href":"https:\/\/www.atins.me\/es\/wp-json\/wp\/v2\/comments?post=12792"}],"version-history":[{"count":0,"href":"https:\/\/www.atins.me\/es\/wp-json\/wp\/v2\/posts\/12792\/revisions"}],"wp:attachment":[{"href":"https:\/\/www.atins.me\/es\/wp-json\/wp\/v2\/media?parent=12792"}],"wp:term":[{"taxonomy":"category","embeddable":true,"href":"https:\/\/www.atins.me\/es\/wp-json\/wp\/v2\/categories?post=12792"},{"taxonomy":"post_tag","embeddable":true,"href":"https:\/\/www.atins.me\/es\/wp-json\/wp\/v2\/tags?post=12792"}],"curies":[{"name":"wp","href":"https:\/\/api.w.org\/{rel}","templated":true}]}}