{"id":11356,"date":"2016-04-18T12:30:05","date_gmt":"2016-04-18T15:30:05","guid":{"rendered":"https:\/\/www.atins.me\/es\/karol-knopf-faz-sup-nos-lencois-maranhenses\/"},"modified":"2016-04-18T16:32:41","modified_gmt":"2016-04-18T19:32:41","slug":"karol-knopf-faz-sup-nos-lencois-maranhenses","status":"publish","type":"post","link":"https:\/\/www.atins.me\/es\/karol-knopf-faz-sup-nos-lencois-maranhenses\/","title":{"rendered":"Karol Knopf faz SUP nos Len\u00e7\u00f3is Maranhenses"},"content":{"rendered":"<p>Karol Knopf, \u00a0apresentadora no Canal OFF\u00a0e atleta \u00e9 uma apaixonada por esportes radicais. Adepta da modalidade de Stand Up Paddle, j\u00e1 participou de v\u00e1rios campeonatos, e travessias em diversos estados. Na mini s\u00e9rie de 5 epis\u00f3dios, Karol Knopf se diverte com as mudan\u00e7as do seu corpo durante a gravidez e mostra cada peda\u00e7o especial que existe no Brasil, tudo isso atrav\u00e9s do Stand Up Paddle. Neste <a href=\"http:\/\/canaloff.globo.com\/programas\/remo-dois\/videos\/4805112.html\">ultimo epis\u00f3dio<\/a>\u00a0com quase sete meses de gravidez, Karol vai conhecer um para\u00edso na regi\u00e3o nordeste de seu pa\u00eds, os Len\u00e7\u00f3is Maranhenses.<\/p>\n<p><a href=\"https:\/\/www.atins.me\/wp-content\/uploads\/2016\/04\/Canal-Off_Dois.jpg\"><img decoding=\"async\" loading=\"lazy\" class=\"alignnone wp-image-11341 size-full\" src=\"https:\/\/www.atins.me\/wp-content\/uploads\/2016\/04\/Canal-Off_Dois.jpg\" alt=\"Karol Knopf faz Stand Up Paddle\" width=\"952\" height=\"476\" srcset=\"https:\/\/www.atins.me\/wp-content\/uploads\/2016\/04\/Canal-Off_Dois.jpg 952w, https:\/\/www.atins.me\/wp-content\/uploads\/2016\/04\/Canal-Off_Dois-300x150.jpg 300w\" sizes=\"(max-width: 952px) 100vw, 952px\" \/><\/a><\/p>\n<p>&nbsp;<\/p>\n<p>&nbsp;<\/p>\n","protected":false},"excerpt":{"rendered":"<p>Karol Knopf, \u00a0apresentadora no Canal OFF\u00a0e atleta \u00e9 uma apaixonada por esportes radicais. Adepta da modalidade de Stand Up Paddle, j\u00e1 participou de v\u00e1rios campeonatos, e travessias em diversos estados. Na mini s\u00e9rie de 5 epis\u00f3dios, Karol Knopf se diverte com as mudan\u00e7as do seu corpo durante a gravidez e mostra cada peda\u00e7o especial que\u2026<\/p>\n","protected":false},"author":2,"featured_media":11351,"comment_status":"open","ping_status":"open","sticky":false,"template":"","format":"standard","meta":{"_mi_skip_tracking":false,"_monsterinsights_sitenote_active":false,"_monsterinsights_sitenote_note":"","_monsterinsights_sitenote_category":0,"footnotes":""},"categories":[148,328],"tags":[],"yoast_head":"<!-- This site is optimized with the Yoast SEO plugin v21.0 - https:\/\/yoast.com\/wordpress\/plugins\/seo\/ -->\n<title>Karol Knopf faz Stand Up Paddle nos Len\u00e7\u00f3is Maranhenses<\/title>\n<meta name=\"description\" content=\"Karol Knopf, apresentadora no Canal OFF e atleta, vai conhecer um para\u00edso na regi\u00e3o nordeste de seu pa\u00eds, os Len\u00e7\u00f3is Maranhenses atrav\u00e9s do Stand Up Paddle.\" \/>\n<meta name=\"robots\" content=\"noindex, follow\" \/>\n<meta property=\"og:locale\" content=\"es_ES\" \/>\n<meta property=\"og:type\" content=\"article\" \/>\n<meta property=\"og:title\" content=\"Karol Knopf faz Stand Up Paddle nos Len\u00e7\u00f3is Maranhenses\" \/>\n<meta property=\"og:description\" content=\"Karol Knopf, apresentadora no Canal OFF e atleta, vai conhecer um para\u00edso na regi\u00e3o nordeste de seu pa\u00eds, os Len\u00e7\u00f3is Maranhenses atrav\u00e9s do Stand Up Paddle.\" \/>\n<meta property=\"og:url\" content=\"https:\/\/www.atins.me\/es\/karol-knopf-faz-sup-nos-lencois-maranhenses\/\" \/>\n<meta property=\"og:site_name\" content=\"Atins\" \/>\n<meta property=\"article:publisher\" content=\"http:\/\/www.facebook.com\/conventoarcadia\" \/>\n<meta property=\"article:published_time\" content=\"2016-04-18T15:30:05+00:00\" \/>\n<meta property=\"article:modified_time\" content=\"2016-04-18T19:32:41+00:00\" \/>\n<meta property=\"og:image\" content=\"https:\/\/www.atins.me\/wp-content\/uploads\/2016\/04\/Canal-Off_Karol.jpg\" \/>\n\t<meta property=\"og:image:width\" content=\"225\" \/>\n\t<meta property=\"og:image:height\" content=\"375\" \/>\n\t<meta property=\"og:image:type\" content=\"image\/jpeg\" \/>\n<meta name=\"author\" content=\"Olaf\" \/>\n<meta name=\"twitter:card\" content=\"summary_large_image\" \/>\n<meta name=\"twitter:creator\" content=\"@atinsme\" \/>\n<meta name=\"twitter:site\" content=\"@atinsme\" \/>\n<meta name=\"twitter:label1\" content=\"Written by\" \/>\n\t<meta name=\"twitter:data1\" content=\"Olaf\" \/>\n\t<meta name=\"twitter:label2\" content=\"Est. reading time\" \/>\n\t<meta name=\"twitter:data2\" content=\"1 minute\" \/>\n<script type=\"application\/ld+json\" class=\"yoast-schema-graph\">{\"@context\":\"https:\/\/schema.org\",\"@graph\":[{\"@type\":\"WebPage\",\"@id\":\"https:\/\/www.atins.me\/es\/karol-knopf-faz-sup-nos-lencois-maranhenses\/\",\"url\":\"https:\/\/www.atins.me\/es\/karol-knopf-faz-sup-nos-lencois-maranhenses\/\",\"name\":\"Karol Knopf faz Stand Up Paddle nos Len\u00e7\u00f3is Maranhenses\",\"isPartOf\":{\"@id\":\"https:\/\/www.atins.me\/es\/#website\"},\"datePublished\":\"2016-04-18T15:30:05+00:00\",\"dateModified\":\"2016-04-18T19:32:41+00:00\",\"author\":{\"@id\":\"https:\/\/www.atins.me\/es\/#\/schema\/person\/66b52fa648e16580cc9a40548640b626\"},\"description\":\"Karol Knopf, apresentadora no Canal OFF e atleta, vai conhecer um para\u00edso na regi\u00e3o nordeste de seu pa\u00eds, os Len\u00e7\u00f3is Maranhenses atrav\u00e9s do Stand Up Paddle.\",\"breadcrumb\":{\"@id\":\"https:\/\/www.atins.me\/es\/karol-knopf-faz-sup-nos-lencois-maranhenses\/#breadcrumb\"},\"inLanguage\":\"es\",\"potentialAction\":[{\"@type\":\"ReadAction\",\"target\":[\"https:\/\/www.atins.me\/es\/karol-knopf-faz-sup-nos-lencois-maranhenses\/\"]}]},{\"@type\":\"BreadcrumbList\",\"@id\":\"https:\/\/www.atins.me\/es\/karol-knopf-faz-sup-nos-lencois-maranhenses\/#breadcrumb\",\"itemListElement\":[{\"@type\":\"ListItem\",\"position\":1,\"name\":\"Home\",\"item\":\"https:\/\/www.atins.me\/es\/\"},{\"@type\":\"ListItem\",\"position\":2,\"name\":\"Social\",\"item\":\"https:\/\/www.atins.me\/c\/social\/\"},{\"@type\":\"ListItem\",\"position\":3,\"name\":\"Karol Knopf faz SUP nos Len\u00e7\u00f3is Maranhenses\"}]},{\"@type\":\"WebSite\",\"@id\":\"https:\/\/www.atins.me\/es\/#website\",\"url\":\"https:\/\/www.atins.me\/es\/\",\"name\":\"Atins\",\"description\":\"Len\u00e7\u00f3is Maranhenses\",\"potentialAction\":[{\"@type\":\"SearchAction\",\"target\":{\"@type\":\"EntryPoint\",\"urlTemplate\":\"https:\/\/www.atins.me\/es\/?s={search_term_string}\"},\"query-input\":\"required name=search_term_string\"}],\"inLanguage\":\"es\"},{\"@type\":\"Person\",\"@id\":\"https:\/\/www.atins.me\/es\/#\/schema\/person\/66b52fa648e16580cc9a40548640b626\",\"name\":\"Olaf\",\"image\":{\"@type\":\"ImageObject\",\"inLanguage\":\"es\",\"@id\":\"https:\/\/www.atins.me\/es\/#\/schema\/person\/image\/\",\"url\":\"https:\/\/secure.gravatar.com\/avatar\/00dd2af7bccea7faa7663ae6af4e85f4?s=96&d=mm&r=g\",\"contentUrl\":\"https:\/\/secure.gravatar.com\/avatar\/00dd2af7bccea7faa7663ae6af4e85f4?s=96&d=mm&r=g\",\"caption\":\"Olaf\"},\"url\":\"https:\/\/www.atins.me\/es\/author\/olaf\/\"}]}<\/script>\n<!-- \/ Yoast SEO plugin. -->","yoast_head_json":{"title":"Karol Knopf faz Stand Up Paddle nos Len\u00e7\u00f3is Maranhenses","description":"Karol Knopf, apresentadora no Canal OFF e atleta, vai conhecer um para\u00edso na regi\u00e3o nordeste de seu pa\u00eds, os Len\u00e7\u00f3is Maranhenses atrav\u00e9s do Stand Up Paddle.","robots":{"index":"noindex","follow":"follow"},"og_locale":"es_ES","og_type":"article","og_title":"Karol Knopf faz Stand Up Paddle nos Len\u00e7\u00f3is Maranhenses","og_description":"Karol Knopf, apresentadora no Canal OFF e atleta, vai conhecer um para\u00edso na regi\u00e3o nordeste de seu pa\u00eds, os Len\u00e7\u00f3is Maranhenses atrav\u00e9s do Stand Up Paddle.","og_url":"https:\/\/www.atins.me\/es\/karol-knopf-faz-sup-nos-lencois-maranhenses\/","og_site_name":"Atins","article_publisher":"http:\/\/www.facebook.com\/conventoarcadia","article_published_time":"2016-04-18T15:30:05+00:00","article_modified_time":"2016-04-18T19:32:41+00:00","og_image":[{"width":225,"height":375,"url":"https:\/\/www.atins.me\/wp-content\/uploads\/2016\/04\/Canal-Off_Karol.jpg","type":"image\/jpeg"}],"author":"Olaf","twitter_card":"summary_large_image","twitter_creator":"@atinsme","twitter_site":"@atinsme","twitter_misc":{"Written by":"Olaf","Est. reading time":"1 minute"},"schema":{"@context":"https:\/\/schema.org","@graph":[{"@type":"WebPage","@id":"https:\/\/www.atins.me\/es\/karol-knopf-faz-sup-nos-lencois-maranhenses\/","url":"https:\/\/www.atins.me\/es\/karol-knopf-faz-sup-nos-lencois-maranhenses\/","name":"Karol Knopf faz Stand Up Paddle nos Len\u00e7\u00f3is Maranhenses","isPartOf":{"@id":"https:\/\/www.atins.me\/es\/#website"},"datePublished":"2016-04-18T15:30:05+00:00","dateModified":"2016-04-18T19:32:41+00:00","author":{"@id":"https:\/\/www.atins.me\/es\/#\/schema\/person\/66b52fa648e16580cc9a40548640b626"},"description":"Karol Knopf, apresentadora no Canal OFF e atleta, vai conhecer um para\u00edso na regi\u00e3o nordeste de seu pa\u00eds, os Len\u00e7\u00f3is Maranhenses atrav\u00e9s do Stand Up Paddle.","breadcrumb":{"@id":"https:\/\/www.atins.me\/es\/karol-knopf-faz-sup-nos-lencois-maranhenses\/#breadcrumb"},"inLanguage":"es","potentialAction":[{"@type":"ReadAction","target":["https:\/\/www.atins.me\/es\/karol-knopf-faz-sup-nos-lencois-maranhenses\/"]}]},{"@type":"BreadcrumbList","@id":"https:\/\/www.atins.me\/es\/karol-knopf-faz-sup-nos-lencois-maranhenses\/#breadcrumb","itemListElement":[{"@type":"ListItem","position":1,"name":"Home","item":"https:\/\/www.atins.me\/es\/"},{"@type":"ListItem","position":2,"name":"Social","item":"https:\/\/www.atins.me\/c\/social\/"},{"@type":"ListItem","position":3,"name":"Karol Knopf faz SUP nos Len\u00e7\u00f3is Maranhenses"}]},{"@type":"WebSite","@id":"https:\/\/www.atins.me\/es\/#website","url":"https:\/\/www.atins.me\/es\/","name":"Atins","description":"Len\u00e7\u00f3is Maranhenses","potentialAction":[{"@type":"SearchAction","target":{"@type":"EntryPoint","urlTemplate":"https:\/\/www.atins.me\/es\/?s={search_term_string}"},"query-input":"required name=search_term_string"}],"inLanguage":"es"},{"@type":"Person","@id":"https:\/\/www.atins.me\/es\/#\/schema\/person\/66b52fa648e16580cc9a40548640b626","name":"Olaf","image":{"@type":"ImageObject","inLanguage":"es","@id":"https:\/\/www.atins.me\/es\/#\/schema\/person\/image\/","url":"https:\/\/secure.gravatar.com\/avatar\/00dd2af7bccea7faa7663ae6af4e85f4?s=96&d=mm&r=g","contentUrl":"https:\/\/secure.gravatar.com\/avatar\/00dd2af7bccea7faa7663ae6af4e85f4?s=96&d=mm&r=g","caption":"Olaf"},"url":"https:\/\/www.atins.me\/es\/author\/olaf\/"}]}},"jetpack_featured_media_url":"https:\/\/www.atins.me\/wp-content\/uploads\/2016\/04\/Canal-Off_Karol.jpg","jetpack_sharing_enabled":true,"_links":{"self":[{"href":"https:\/\/www.atins.me\/es\/wp-json\/wp\/v2\/posts\/11356"}],"collection":[{"href":"https:\/\/www.atins.me\/es\/wp-json\/wp\/v2\/posts"}],"about":[{"href":"https:\/\/www.atins.me\/es\/wp-json\/wp\/v2\/types\/post"}],"author":[{"embeddable":true,"href":"https:\/\/www.atins.me\/es\/wp-json\/wp\/v2\/users\/2"}],"replies":[{"embeddable":true,"href":"https:\/\/www.atins.me\/es\/wp-json\/wp\/v2\/comments?post=11356"}],"version-history":[{"count":0,"href":"https:\/\/www.atins.me\/es\/wp-json\/wp\/v2\/posts\/11356\/revisions"}],"wp:featuredmedia":[{"embeddable":true,"href":"https:\/\/www.atins.me\/es\/wp-json\/wp\/v2\/media\/11351"}],"wp:attachment":[{"href":"https:\/\/www.atins.me\/es\/wp-json\/wp\/v2\/media?parent=11356"}],"wp:term":[{"taxonomy":"category","embeddable":true,"href":"https:\/\/www.atins.me\/es\/wp-json\/wp\/v2\/categories?post=11356"},{"taxonomy":"post_tag","embeddable":true,"href":"https:\/\/www.atins.me\/es\/wp-json\/wp\/v2\/tags?post=11356"}],"curies":[{"name":"wp","href":"https:\/\/api.w.org\/{rel}","templated":true}]}}