{"id":11284,"date":"2015-07-07T17:25:08","date_gmt":"2015-07-07T20:25:08","guid":{"rendered":"https:\/\/www.atins.me\/es\/globos-g1-features-the-lencois-maranhenses\/"},"modified":"2016-04-16T14:41:49","modified_gmt":"2016-04-16T17:41:49","slug":"globos-g1-features-the-lencois-maranhenses","status":"publish","type":"post","link":"https:\/\/www.atins.me\/es\/globos-g1-features-the-lencois-maranhenses\/","title":{"rendered":"Globo&#8217;s G1 features the Len\u00e7\u00f3is Maranhenses"},"content":{"rendered":"<p>Globo did a little piece (in Portuguese only) on the Len\u00e7\u00f3is Maranhenses. Only a side note on Atins, which is probably for the better to keep our little paradise off the trodden path. Here it goes:<br \/>\n<a href=\"http:\/\/g1.globo.com\/ma\/maranhao\/noticia\/2015\/07\/lencois-maranhenses-ma-quando-ir-como-chegar-o-que-visitar.html\" target=\"_blank\">Globo travel feature on the Len\u00e7\u00f3is Maranhenses<\/a><\/p>\n<p><img decoding=\"async\" loading=\"lazy\" class=\"alignnone size-full wp-image-10081\" src=\"https:\/\/www.atins.me\/wp-content\/uploads\/2015\/07\/Globo-G1.jpg\" alt=\"Globo G1\" width=\"952\" height=\"416\" srcset=\"https:\/\/www.atins.me\/wp-content\/uploads\/2015\/07\/Globo-G1.jpg 952w, https:\/\/www.atins.me\/wp-content\/uploads\/2015\/07\/Globo-G1-300x131.jpg 300w\" sizes=\"(max-width: 952px) 100vw, 952px\" \/><\/p>\n","protected":false},"excerpt":{"rendered":"<p>Globo did a little piece (in Portuguese only) on the Len\u00e7\u00f3is Maranhenses. Only a side note on Atins, which is probably for the better to keep our little paradise off the trodden path. Here it goes: Globo travel feature on the Len\u00e7\u00f3is Maranhenses<\/p>\n","protected":false},"author":2,"featured_media":10085,"comment_status":"closed","ping_status":"closed","sticky":false,"template":"","format":"standard","meta":{"_mi_skip_tracking":false,"_monsterinsights_sitenote_active":false,"_monsterinsights_sitenote_note":"","_monsterinsights_sitenote_category":0,"footnotes":""},"categories":[148],"tags":[160,283,161],"yoast_head":"<!-- This site is optimized with the Yoast SEO plugin v21.0 - https:\/\/yoast.com\/wordpress\/plugins\/seo\/ -->\n<title>Globo&#039;s G1 features the Len\u00e7\u00f3is Maranhenses &ndash; Atins<\/title>\n<meta name=\"robots\" content=\"noindex, follow\" \/>\n<meta property=\"og:locale\" content=\"es_ES\" \/>\n<meta property=\"og:type\" content=\"article\" \/>\n<meta property=\"og:title\" content=\"Globo&#039;s G1 features the Len\u00e7\u00f3is Maranhenses &ndash; Atins\" \/>\n<meta property=\"og:description\" content=\"Globo did a little piece (in Portuguese only) on the Len\u00e7\u00f3is Maranhenses. Only a side note on Atins, which is probably for the better to keep our little paradise off the trodden path. Here it goes: Globo travel feature on the Len\u00e7\u00f3is Maranhenses\" \/>\n<meta property=\"og:url\" content=\"https:\/\/www.atins.me\/es\/globos-g1-features-the-lencois-maranhenses\/\" \/>\n<meta property=\"og:site_name\" content=\"Atins\" \/>\n<meta property=\"article:publisher\" content=\"http:\/\/www.facebook.com\/conventoarcadia\" \/>\n<meta property=\"article:published_time\" content=\"2015-07-07T20:25:08+00:00\" \/>\n<meta property=\"article:modified_time\" content=\"2016-04-16T17:41:49+00:00\" \/>\n<meta property=\"og:image\" content=\"https:\/\/www.atins.me\/wp-content\/uploads\/2015\/07\/Globo-G1.jpg\" \/>\n\t<meta property=\"og:image:width\" content=\"952\" \/>\n\t<meta property=\"og:image:height\" content=\"416\" \/>\n\t<meta property=\"og:image:type\" content=\"image\/jpeg\" \/>\n<meta name=\"author\" content=\"Olaf\" \/>\n<meta name=\"twitter:card\" content=\"summary_large_image\" \/>\n<meta name=\"twitter:creator\" content=\"@atinsme\" \/>\n<meta name=\"twitter:site\" content=\"@atinsme\" \/>\n<meta name=\"twitter:label1\" content=\"Written by\" \/>\n\t<meta name=\"twitter:data1\" content=\"Olaf\" \/>\n<script type=\"application\/ld+json\" class=\"yoast-schema-graph\">{\"@context\":\"https:\/\/schema.org\",\"@graph\":[{\"@type\":\"WebPage\",\"@id\":\"https:\/\/www.atins.me\/es\/globos-g1-features-the-lencois-maranhenses\/\",\"url\":\"https:\/\/www.atins.me\/es\/globos-g1-features-the-lencois-maranhenses\/\",\"name\":\"Globo's G1 features the Len\u00e7\u00f3is Maranhenses &ndash; Atins\",\"isPartOf\":{\"@id\":\"https:\/\/www.atins.me\/es\/#website\"},\"datePublished\":\"2015-07-07T20:25:08+00:00\",\"dateModified\":\"2016-04-16T17:41:49+00:00\",\"author\":{\"@id\":\"https:\/\/www.atins.me\/es\/#\/schema\/person\/66b52fa648e16580cc9a40548640b626\"},\"breadcrumb\":{\"@id\":\"https:\/\/www.atins.me\/es\/globos-g1-features-the-lencois-maranhenses\/#breadcrumb\"},\"inLanguage\":\"es\",\"potentialAction\":[{\"@type\":\"ReadAction\",\"target\":[\"https:\/\/www.atins.me\/es\/globos-g1-features-the-lencois-maranhenses\/\"]}]},{\"@type\":\"BreadcrumbList\",\"@id\":\"https:\/\/www.atins.me\/es\/globos-g1-features-the-lencois-maranhenses\/#breadcrumb\",\"itemListElement\":[{\"@type\":\"ListItem\",\"position\":1,\"name\":\"Home\",\"item\":\"https:\/\/www.atins.me\/es\/\"},{\"@type\":\"ListItem\",\"position\":2,\"name\":\"Len\u00e7\u00f3is Maranhenses\",\"item\":\"https:\/\/www.atins.me\/es\/c\/lencois-maranhenses-es\/\"},{\"@type\":\"ListItem\",\"position\":3,\"name\":\"Globo&#8217;s G1 features the Len\u00e7\u00f3is Maranhenses\"}]},{\"@type\":\"WebSite\",\"@id\":\"https:\/\/www.atins.me\/es\/#website\",\"url\":\"https:\/\/www.atins.me\/es\/\",\"name\":\"Atins\",\"description\":\"Len\u00e7\u00f3is Maranhenses\",\"potentialAction\":[{\"@type\":\"SearchAction\",\"target\":{\"@type\":\"EntryPoint\",\"urlTemplate\":\"https:\/\/www.atins.me\/es\/?s={search_term_string}\"},\"query-input\":\"required name=search_term_string\"}],\"inLanguage\":\"es\"},{\"@type\":\"Person\",\"@id\":\"https:\/\/www.atins.me\/es\/#\/schema\/person\/66b52fa648e16580cc9a40548640b626\",\"name\":\"Olaf\",\"image\":{\"@type\":\"ImageObject\",\"inLanguage\":\"es\",\"@id\":\"https:\/\/www.atins.me\/es\/#\/schema\/person\/image\/\",\"url\":\"https:\/\/secure.gravatar.com\/avatar\/00dd2af7bccea7faa7663ae6af4e85f4?s=96&d=mm&r=g\",\"contentUrl\":\"https:\/\/secure.gravatar.com\/avatar\/00dd2af7bccea7faa7663ae6af4e85f4?s=96&d=mm&r=g\",\"caption\":\"Olaf\"},\"url\":\"https:\/\/www.atins.me\/es\/author\/olaf\/\"}]}<\/script>\n<!-- \/ Yoast SEO plugin. -->","yoast_head_json":{"title":"Globo's G1 features the Len\u00e7\u00f3is Maranhenses &ndash; Atins","robots":{"index":"noindex","follow":"follow"},"og_locale":"es_ES","og_type":"article","og_title":"Globo's G1 features the Len\u00e7\u00f3is Maranhenses &ndash; Atins","og_description":"Globo did a little piece (in Portuguese only) on the Len\u00e7\u00f3is Maranhenses. Only a side note on Atins, which is probably for the better to keep our little paradise off the trodden path. Here it goes: Globo travel feature on the Len\u00e7\u00f3is Maranhenses","og_url":"https:\/\/www.atins.me\/es\/globos-g1-features-the-lencois-maranhenses\/","og_site_name":"Atins","article_publisher":"http:\/\/www.facebook.com\/conventoarcadia","article_published_time":"2015-07-07T20:25:08+00:00","article_modified_time":"2016-04-16T17:41:49+00:00","og_image":[{"width":952,"height":416,"url":"https:\/\/www.atins.me\/wp-content\/uploads\/2015\/07\/Globo-G1.jpg","type":"image\/jpeg"}],"author":"Olaf","twitter_card":"summary_large_image","twitter_creator":"@atinsme","twitter_site":"@atinsme","twitter_misc":{"Written by":"Olaf"},"schema":{"@context":"https:\/\/schema.org","@graph":[{"@type":"WebPage","@id":"https:\/\/www.atins.me\/es\/globos-g1-features-the-lencois-maranhenses\/","url":"https:\/\/www.atins.me\/es\/globos-g1-features-the-lencois-maranhenses\/","name":"Globo's G1 features the Len\u00e7\u00f3is Maranhenses &ndash; Atins","isPartOf":{"@id":"https:\/\/www.atins.me\/es\/#website"},"datePublished":"2015-07-07T20:25:08+00:00","dateModified":"2016-04-16T17:41:49+00:00","author":{"@id":"https:\/\/www.atins.me\/es\/#\/schema\/person\/66b52fa648e16580cc9a40548640b626"},"breadcrumb":{"@id":"https:\/\/www.atins.me\/es\/globos-g1-features-the-lencois-maranhenses\/#breadcrumb"},"inLanguage":"es","potentialAction":[{"@type":"ReadAction","target":["https:\/\/www.atins.me\/es\/globos-g1-features-the-lencois-maranhenses\/"]}]},{"@type":"BreadcrumbList","@id":"https:\/\/www.atins.me\/es\/globos-g1-features-the-lencois-maranhenses\/#breadcrumb","itemListElement":[{"@type":"ListItem","position":1,"name":"Home","item":"https:\/\/www.atins.me\/es\/"},{"@type":"ListItem","position":2,"name":"Len\u00e7\u00f3is Maranhenses","item":"https:\/\/www.atins.me\/es\/c\/lencois-maranhenses-es\/"},{"@type":"ListItem","position":3,"name":"Globo&#8217;s G1 features the Len\u00e7\u00f3is Maranhenses"}]},{"@type":"WebSite","@id":"https:\/\/www.atins.me\/es\/#website","url":"https:\/\/www.atins.me\/es\/","name":"Atins","description":"Len\u00e7\u00f3is Maranhenses","potentialAction":[{"@type":"SearchAction","target":{"@type":"EntryPoint","urlTemplate":"https:\/\/www.atins.me\/es\/?s={search_term_string}"},"query-input":"required name=search_term_string"}],"inLanguage":"es"},{"@type":"Person","@id":"https:\/\/www.atins.me\/es\/#\/schema\/person\/66b52fa648e16580cc9a40548640b626","name":"Olaf","image":{"@type":"ImageObject","inLanguage":"es","@id":"https:\/\/www.atins.me\/es\/#\/schema\/person\/image\/","url":"https:\/\/secure.gravatar.com\/avatar\/00dd2af7bccea7faa7663ae6af4e85f4?s=96&d=mm&r=g","contentUrl":"https:\/\/secure.gravatar.com\/avatar\/00dd2af7bccea7faa7663ae6af4e85f4?s=96&d=mm&r=g","caption":"Olaf"},"url":"https:\/\/www.atins.me\/es\/author\/olaf\/"}]}},"jetpack_featured_media_url":"https:\/\/www.atins.me\/wp-content\/uploads\/2015\/07\/Globo-G1.jpg","jetpack_sharing_enabled":true,"_links":{"self":[{"href":"https:\/\/www.atins.me\/es\/wp-json\/wp\/v2\/posts\/11284"}],"collection":[{"href":"https:\/\/www.atins.me\/es\/wp-json\/wp\/v2\/posts"}],"about":[{"href":"https:\/\/www.atins.me\/es\/wp-json\/wp\/v2\/types\/post"}],"author":[{"embeddable":true,"href":"https:\/\/www.atins.me\/es\/wp-json\/wp\/v2\/users\/2"}],"replies":[{"embeddable":true,"href":"https:\/\/www.atins.me\/es\/wp-json\/wp\/v2\/comments?post=11284"}],"version-history":[{"count":0,"href":"https:\/\/www.atins.me\/es\/wp-json\/wp\/v2\/posts\/11284\/revisions"}],"wp:featuredmedia":[{"embeddable":true,"href":"https:\/\/www.atins.me\/es\/wp-json\/wp\/v2\/media\/10085"}],"wp:attachment":[{"href":"https:\/\/www.atins.me\/es\/wp-json\/wp\/v2\/media?parent=11284"}],"wp:term":[{"taxonomy":"category","embeddable":true,"href":"https:\/\/www.atins.me\/es\/wp-json\/wp\/v2\/categories?post=11284"},{"taxonomy":"post_tag","embeddable":true,"href":"https:\/\/www.atins.me\/es\/wp-json\/wp\/v2\/tags?post=11284"}],"curies":[{"name":"wp","href":"https:\/\/api.w.org\/{rel}","templated":true}]}}