{"id":11258,"date":"2015-10-13T08:44:23","date_gmt":"2015-10-13T11:44:23","guid":{"rendered":"https:\/\/www.atins.me\/es\/arte-documentary-on-the-lencois-maranhenses\/"},"modified":"2016-04-16T14:35:48","modified_gmt":"2016-04-16T17:35:48","slug":"arte-documentary-on-the-lencois-maranhenses","status":"publish","type":"post","link":"https:\/\/www.atins.me\/es\/arte-documentary-on-the-lencois-maranhenses\/","title":{"rendered":"Arte documentary on the Len\u00e7\u00f3is Maranhenses"},"content":{"rendered":"<p>Arte, the French-German broadcaster of high-quality cultural and arts related programming, recently did a 45 min. feature on the Len\u00e7\u00f3is Maranhenses. Check it out out, it&#8217;s bound to be great!<\/p>\n<p><a href=\"http:\/\/www.arte.tv\/guide\/fr\/048886-005\/la-vie-secrete-des-lacs\" target=\"_blank\">LA VIE SECR\u00c8TE DES LACS: Len\u00e7\u00f3is Maranhenses, les lacs de sable<\/a><\/p>\n<p><a href=\"http:\/\/www.arte.tv\/guide\/de\/048886-005\/stille-wasser-sind-tief\" target=\"_blank\">STILLE WASSER SIND TIEF: Brasiliens D\u00fcnenseen<\/a><\/p>\n<p><img decoding=\"async\" loading=\"lazy\" class=\"alignnone size-full wp-image-9873\" src=\"https:\/\/www.atins.me\/wp-content\/uploads\/2015\/10\/arte.jpg\" alt=\"arte\" width=\"952\" height=\"354\" srcset=\"https:\/\/www.atins.me\/wp-content\/uploads\/2015\/10\/arte.jpg 952w, https:\/\/www.atins.me\/wp-content\/uploads\/2015\/10\/arte-300x112.jpg 300w\" sizes=\"(max-width: 952px) 100vw, 952px\" \/><\/p>\n","protected":false},"excerpt":{"rendered":"<p>Arte, the French-German broadcaster of high-quality cultural and arts related programming, recently did a 45 min. feature on the Len\u00e7\u00f3is Maranhenses. Check it out out, it&#8217;s bound to be great! LA VIE SECR\u00c8TE DES LACS: Len\u00e7\u00f3is Maranhenses, les lacs de sable STILLE WASSER SIND TIEF: Brasiliens D\u00fcnenseen<\/p>\n","protected":false},"author":2,"featured_media":9877,"comment_status":"closed","ping_status":"closed","sticky":false,"template":"","format":"standard","meta":{"_mi_skip_tracking":false,"_monsterinsights_sitenote_active":false,"_monsterinsights_sitenote_note":"","_monsterinsights_sitenote_category":0,"footnotes":""},"categories":[148],"tags":[160,161],"yoast_head":"<!-- This site is optimized with the Yoast SEO plugin v21.0 - https:\/\/yoast.com\/wordpress\/plugins\/seo\/ -->\n<title>Arte documentary on the Len\u00e7\u00f3is Maranhenses &ndash; Atins<\/title>\n<meta name=\"robots\" content=\"noindex, follow\" \/>\n<meta property=\"og:locale\" content=\"es_ES\" \/>\n<meta property=\"og:type\" content=\"article\" \/>\n<meta property=\"og:title\" content=\"Arte documentary on the Len\u00e7\u00f3is Maranhenses &ndash; Atins\" \/>\n<meta property=\"og:description\" content=\"Arte, the French-German broadcaster of high-quality cultural and arts related programming, recently did a 45 min. feature on the Len\u00e7\u00f3is Maranhenses. Check it out out, it&#8217;s bound to be great! LA VIE SECR\u00c8TE DES LACS: Len\u00e7\u00f3is Maranhenses, les lacs de sable STILLE WASSER SIND TIEF: Brasiliens D\u00fcnenseen\" \/>\n<meta property=\"og:url\" content=\"https:\/\/www.atins.me\/es\/arte-documentary-on-the-lencois-maranhenses\/\" \/>\n<meta property=\"og:site_name\" content=\"Atins\" \/>\n<meta property=\"article:publisher\" content=\"http:\/\/www.facebook.com\/conventoarcadia\" \/>\n<meta property=\"article:published_time\" content=\"2015-10-13T11:44:23+00:00\" \/>\n<meta property=\"article:modified_time\" content=\"2016-04-16T17:35:48+00:00\" \/>\n<meta property=\"og:image\" content=\"https:\/\/www.atins.me\/wp-content\/uploads\/2015\/10\/arte.jpg\" \/>\n\t<meta property=\"og:image:width\" content=\"952\" \/>\n\t<meta property=\"og:image:height\" content=\"354\" \/>\n\t<meta property=\"og:image:type\" content=\"image\/jpeg\" \/>\n<meta name=\"author\" content=\"Olaf\" \/>\n<meta name=\"twitter:card\" content=\"summary_large_image\" \/>\n<meta name=\"twitter:creator\" content=\"@atinsme\" \/>\n<meta name=\"twitter:site\" content=\"@atinsme\" \/>\n<meta name=\"twitter:label1\" content=\"Written by\" \/>\n\t<meta name=\"twitter:data1\" content=\"Olaf\" \/>\n<script type=\"application\/ld+json\" class=\"yoast-schema-graph\">{\"@context\":\"https:\/\/schema.org\",\"@graph\":[{\"@type\":\"WebPage\",\"@id\":\"https:\/\/www.atins.me\/es\/arte-documentary-on-the-lencois-maranhenses\/\",\"url\":\"https:\/\/www.atins.me\/es\/arte-documentary-on-the-lencois-maranhenses\/\",\"name\":\"Arte documentary on the Len\u00e7\u00f3is Maranhenses &ndash; Atins\",\"isPartOf\":{\"@id\":\"https:\/\/www.atins.me\/es\/#website\"},\"datePublished\":\"2015-10-13T11:44:23+00:00\",\"dateModified\":\"2016-04-16T17:35:48+00:00\",\"author\":{\"@id\":\"https:\/\/www.atins.me\/es\/#\/schema\/person\/66b52fa648e16580cc9a40548640b626\"},\"breadcrumb\":{\"@id\":\"https:\/\/www.atins.me\/es\/arte-documentary-on-the-lencois-maranhenses\/#breadcrumb\"},\"inLanguage\":\"es\",\"potentialAction\":[{\"@type\":\"ReadAction\",\"target\":[\"https:\/\/www.atins.me\/es\/arte-documentary-on-the-lencois-maranhenses\/\"]}]},{\"@type\":\"BreadcrumbList\",\"@id\":\"https:\/\/www.atins.me\/es\/arte-documentary-on-the-lencois-maranhenses\/#breadcrumb\",\"itemListElement\":[{\"@type\":\"ListItem\",\"position\":1,\"name\":\"Home\",\"item\":\"https:\/\/www.atins.me\/es\/\"},{\"@type\":\"ListItem\",\"position\":2,\"name\":\"Len\u00e7\u00f3is Maranhenses\",\"item\":\"https:\/\/www.atins.me\/es\/c\/lencois-maranhenses-es\/\"},{\"@type\":\"ListItem\",\"position\":3,\"name\":\"Arte documentary on the Len\u00e7\u00f3is Maranhenses\"}]},{\"@type\":\"WebSite\",\"@id\":\"https:\/\/www.atins.me\/es\/#website\",\"url\":\"https:\/\/www.atins.me\/es\/\",\"name\":\"Atins\",\"description\":\"Len\u00e7\u00f3is Maranhenses\",\"potentialAction\":[{\"@type\":\"SearchAction\",\"target\":{\"@type\":\"EntryPoint\",\"urlTemplate\":\"https:\/\/www.atins.me\/es\/?s={search_term_string}\"},\"query-input\":\"required name=search_term_string\"}],\"inLanguage\":\"es\"},{\"@type\":\"Person\",\"@id\":\"https:\/\/www.atins.me\/es\/#\/schema\/person\/66b52fa648e16580cc9a40548640b626\",\"name\":\"Olaf\",\"image\":{\"@type\":\"ImageObject\",\"inLanguage\":\"es\",\"@id\":\"https:\/\/www.atins.me\/es\/#\/schema\/person\/image\/\",\"url\":\"https:\/\/secure.gravatar.com\/avatar\/00dd2af7bccea7faa7663ae6af4e85f4?s=96&d=mm&r=g\",\"contentUrl\":\"https:\/\/secure.gravatar.com\/avatar\/00dd2af7bccea7faa7663ae6af4e85f4?s=96&d=mm&r=g\",\"caption\":\"Olaf\"},\"url\":\"https:\/\/www.atins.me\/es\/author\/olaf\/\"}]}<\/script>\n<!-- \/ Yoast SEO plugin. -->","yoast_head_json":{"title":"Arte documentary on the Len\u00e7\u00f3is Maranhenses &ndash; Atins","robots":{"index":"noindex","follow":"follow"},"og_locale":"es_ES","og_type":"article","og_title":"Arte documentary on the Len\u00e7\u00f3is Maranhenses &ndash; Atins","og_description":"Arte, the French-German broadcaster of high-quality cultural and arts related programming, recently did a 45 min. feature on the Len\u00e7\u00f3is Maranhenses. Check it out out, it&#8217;s bound to be great! LA VIE SECR\u00c8TE DES LACS: Len\u00e7\u00f3is Maranhenses, les lacs de sable STILLE WASSER SIND TIEF: Brasiliens D\u00fcnenseen","og_url":"https:\/\/www.atins.me\/es\/arte-documentary-on-the-lencois-maranhenses\/","og_site_name":"Atins","article_publisher":"http:\/\/www.facebook.com\/conventoarcadia","article_published_time":"2015-10-13T11:44:23+00:00","article_modified_time":"2016-04-16T17:35:48+00:00","og_image":[{"width":952,"height":354,"url":"https:\/\/www.atins.me\/wp-content\/uploads\/2015\/10\/arte.jpg","type":"image\/jpeg"}],"author":"Olaf","twitter_card":"summary_large_image","twitter_creator":"@atinsme","twitter_site":"@atinsme","twitter_misc":{"Written by":"Olaf"},"schema":{"@context":"https:\/\/schema.org","@graph":[{"@type":"WebPage","@id":"https:\/\/www.atins.me\/es\/arte-documentary-on-the-lencois-maranhenses\/","url":"https:\/\/www.atins.me\/es\/arte-documentary-on-the-lencois-maranhenses\/","name":"Arte documentary on the Len\u00e7\u00f3is Maranhenses &ndash; Atins","isPartOf":{"@id":"https:\/\/www.atins.me\/es\/#website"},"datePublished":"2015-10-13T11:44:23+00:00","dateModified":"2016-04-16T17:35:48+00:00","author":{"@id":"https:\/\/www.atins.me\/es\/#\/schema\/person\/66b52fa648e16580cc9a40548640b626"},"breadcrumb":{"@id":"https:\/\/www.atins.me\/es\/arte-documentary-on-the-lencois-maranhenses\/#breadcrumb"},"inLanguage":"es","potentialAction":[{"@type":"ReadAction","target":["https:\/\/www.atins.me\/es\/arte-documentary-on-the-lencois-maranhenses\/"]}]},{"@type":"BreadcrumbList","@id":"https:\/\/www.atins.me\/es\/arte-documentary-on-the-lencois-maranhenses\/#breadcrumb","itemListElement":[{"@type":"ListItem","position":1,"name":"Home","item":"https:\/\/www.atins.me\/es\/"},{"@type":"ListItem","position":2,"name":"Len\u00e7\u00f3is Maranhenses","item":"https:\/\/www.atins.me\/es\/c\/lencois-maranhenses-es\/"},{"@type":"ListItem","position":3,"name":"Arte documentary on the Len\u00e7\u00f3is Maranhenses"}]},{"@type":"WebSite","@id":"https:\/\/www.atins.me\/es\/#website","url":"https:\/\/www.atins.me\/es\/","name":"Atins","description":"Len\u00e7\u00f3is Maranhenses","potentialAction":[{"@type":"SearchAction","target":{"@type":"EntryPoint","urlTemplate":"https:\/\/www.atins.me\/es\/?s={search_term_string}"},"query-input":"required name=search_term_string"}],"inLanguage":"es"},{"@type":"Person","@id":"https:\/\/www.atins.me\/es\/#\/schema\/person\/66b52fa648e16580cc9a40548640b626","name":"Olaf","image":{"@type":"ImageObject","inLanguage":"es","@id":"https:\/\/www.atins.me\/es\/#\/schema\/person\/image\/","url":"https:\/\/secure.gravatar.com\/avatar\/00dd2af7bccea7faa7663ae6af4e85f4?s=96&d=mm&r=g","contentUrl":"https:\/\/secure.gravatar.com\/avatar\/00dd2af7bccea7faa7663ae6af4e85f4?s=96&d=mm&r=g","caption":"Olaf"},"url":"https:\/\/www.atins.me\/es\/author\/olaf\/"}]}},"jetpack_featured_media_url":"https:\/\/www.atins.me\/wp-content\/uploads\/2015\/10\/arte.jpg","jetpack_sharing_enabled":true,"_links":{"self":[{"href":"https:\/\/www.atins.me\/es\/wp-json\/wp\/v2\/posts\/11258"}],"collection":[{"href":"https:\/\/www.atins.me\/es\/wp-json\/wp\/v2\/posts"}],"about":[{"href":"https:\/\/www.atins.me\/es\/wp-json\/wp\/v2\/types\/post"}],"author":[{"embeddable":true,"href":"https:\/\/www.atins.me\/es\/wp-json\/wp\/v2\/users\/2"}],"replies":[{"embeddable":true,"href":"https:\/\/www.atins.me\/es\/wp-json\/wp\/v2\/comments?post=11258"}],"version-history":[{"count":0,"href":"https:\/\/www.atins.me\/es\/wp-json\/wp\/v2\/posts\/11258\/revisions"}],"wp:featuredmedia":[{"embeddable":true,"href":"https:\/\/www.atins.me\/es\/wp-json\/wp\/v2\/media\/9877"}],"wp:attachment":[{"href":"https:\/\/www.atins.me\/es\/wp-json\/wp\/v2\/media?parent=11258"}],"wp:term":[{"taxonomy":"category","embeddable":true,"href":"https:\/\/www.atins.me\/es\/wp-json\/wp\/v2\/categories?post=11258"},{"taxonomy":"post_tag","embeddable":true,"href":"https:\/\/www.atins.me\/es\/wp-json\/wp\/v2\/tags?post=11258"}],"curies":[{"name":"wp","href":"https:\/\/api.w.org\/{rel}","templated":true}]}}