{"id":11253,"date":"2015-10-14T08:56:12","date_gmt":"2015-10-14T11:56:12","guid":{"rendered":"https:\/\/www.atins.me\/es\/wildlife-photographer-of-the-year-lencois\/"},"modified":"2016-04-16T14:35:02","modified_gmt":"2016-04-16T17:35:02","slug":"wildlife-photographer-of-the-year-lencois","status":"publish","type":"post","link":"https:\/\/www.atins.me\/es\/wildlife-photographer-of-the-year-lencois\/","title":{"rendered":"Wildlife Photographer of the Year: Len\u00e7\u00f3is"},"content":{"rendered":"<p>The Natural History Museum London awarded the prestigious annual Wildlife Photographer of the Year awards. In the category of young talent, French world traveler Jonathan Jagot (17 years) won the price with his entry taken not in our beloved Len\u00e7\u00f3is Maranhenses, but the nearby Ilha dos Len\u00e7\u00f3is. The red (or scarlet) ibis, Guar\u00e1 in Portuguese, is also found in Atins, along the Rio Pregui\u00e7as. The Ilha dos Len\u00e7\u00f3is is about 100 km north-north-west from Alc\u00e2ntara (by boat).<\/p>\n<p><a href=\"http:\/\/www.nhm.ac.uk\/visit\/wpy\/gallery\/2015\/images\/15-17-years-old\/4987\/flight-of-the-scarlet-ibis.html\" target=\"_blank\"><img decoding=\"async\" loading=\"lazy\" class=\"alignnone size-full wp-image-9865\" src=\"https:\/\/www.atins.me\/wp-content\/uploads\/2015\/10\/Blog3.jpg\" alt=\"\" width=\"952\" height=\"368\" srcset=\"https:\/\/www.atins.me\/wp-content\/uploads\/2015\/10\/Blog3.jpg 952w, https:\/\/www.atins.me\/wp-content\/uploads\/2015\/10\/Blog3-300x116.jpg 300w\" sizes=\"(max-width: 952px) 100vw, 952px\" \/><\/a><\/p>\n","protected":false},"excerpt":{"rendered":"<p>The Natural History Museum London awarded the prestigious annual Wildlife Photographer of the Year awards. In the category of young talent, French world traveler Jonathan Jagot (17 years) won the price with his entry taken not in our beloved Len\u00e7\u00f3is Maranhenses, but the nearby Ilha dos Len\u00e7\u00f3is. The red (or scarlet) ibis, Guar\u00e1 in Portuguese,\u2026<\/p>\n","protected":false},"author":2,"featured_media":9869,"comment_status":"closed","ping_status":"closed","sticky":false,"template":"","format":"standard","meta":{"_mi_skip_tracking":false,"_monsterinsights_sitenote_active":false,"_monsterinsights_sitenote_note":"","_monsterinsights_sitenote_category":0,"footnotes":""},"categories":[5],"tags":[344,345],"yoast_head":"<!-- This site is optimized with the Yoast SEO plugin v21.0 - https:\/\/yoast.com\/wordpress\/plugins\/seo\/ -->\n<title>Wildlife Photographer of the Year: Len\u00e7\u00f3is &ndash; Atins<\/title>\n<meta name=\"robots\" content=\"noindex, follow\" \/>\n<meta property=\"og:locale\" content=\"es_ES\" \/>\n<meta property=\"og:type\" content=\"article\" \/>\n<meta property=\"og:title\" content=\"Wildlife Photographer of the Year: Len\u00e7\u00f3is &ndash; Atins\" \/>\n<meta property=\"og:description\" content=\"The Natural History Museum London awarded the prestigious annual Wildlife Photographer of the Year awards. In the category of young talent, French world traveler Jonathan Jagot (17 years) won the price with his entry taken not in our beloved Len\u00e7\u00f3is Maranhenses, but the nearby Ilha dos Len\u00e7\u00f3is. The red (or scarlet) ibis, Guar\u00e1 in Portuguese,\u2026\" \/>\n<meta property=\"og:url\" content=\"https:\/\/www.atins.me\/es\/wildlife-photographer-of-the-year-lencois\/\" \/>\n<meta property=\"og:site_name\" content=\"Atins\" \/>\n<meta property=\"article:publisher\" content=\"http:\/\/www.facebook.com\/conventoarcadia\" \/>\n<meta property=\"article:published_time\" content=\"2015-10-14T11:56:12+00:00\" \/>\n<meta property=\"article:modified_time\" content=\"2016-04-16T17:35:02+00:00\" \/>\n<meta property=\"og:image\" content=\"https:\/\/www.atins.me\/wp-content\/uploads\/2015\/10\/Blog3.jpg\" \/>\n\t<meta property=\"og:image:width\" content=\"952\" \/>\n\t<meta property=\"og:image:height\" content=\"368\" \/>\n\t<meta property=\"og:image:type\" content=\"image\/jpeg\" \/>\n<meta name=\"author\" content=\"Olaf\" \/>\n<meta name=\"twitter:card\" content=\"summary_large_image\" \/>\n<meta name=\"twitter:creator\" content=\"@atinsme\" \/>\n<meta name=\"twitter:site\" content=\"@atinsme\" \/>\n<meta name=\"twitter:label1\" content=\"Written by\" \/>\n\t<meta name=\"twitter:data1\" content=\"Olaf\" \/>\n<script type=\"application\/ld+json\" class=\"yoast-schema-graph\">{\"@context\":\"https:\/\/schema.org\",\"@graph\":[{\"@type\":\"WebPage\",\"@id\":\"https:\/\/www.atins.me\/es\/wildlife-photographer-of-the-year-lencois\/\",\"url\":\"https:\/\/www.atins.me\/es\/wildlife-photographer-of-the-year-lencois\/\",\"name\":\"Wildlife Photographer of the Year: Len\u00e7\u00f3is &ndash; Atins\",\"isPartOf\":{\"@id\":\"https:\/\/www.atins.me\/es\/#website\"},\"datePublished\":\"2015-10-14T11:56:12+00:00\",\"dateModified\":\"2016-04-16T17:35:02+00:00\",\"author\":{\"@id\":\"https:\/\/www.atins.me\/es\/#\/schema\/person\/66b52fa648e16580cc9a40548640b626\"},\"breadcrumb\":{\"@id\":\"https:\/\/www.atins.me\/es\/wildlife-photographer-of-the-year-lencois\/#breadcrumb\"},\"inLanguage\":\"es\",\"potentialAction\":[{\"@type\":\"ReadAction\",\"target\":[\"https:\/\/www.atins.me\/es\/wildlife-photographer-of-the-year-lencois\/\"]}]},{\"@type\":\"BreadcrumbList\",\"@id\":\"https:\/\/www.atins.me\/es\/wildlife-photographer-of-the-year-lencois\/#breadcrumb\",\"itemListElement\":[{\"@type\":\"ListItem\",\"position\":1,\"name\":\"Home\",\"item\":\"https:\/\/www.atins.me\/es\/\"},{\"@type\":\"ListItem\",\"position\":2,\"name\":\"Sin categorizar\",\"item\":\"https:\/\/www.atins.me\/es\/c\/sin-categorizar\/\"},{\"@type\":\"ListItem\",\"position\":3,\"name\":\"Wildlife Photographer of the Year: Len\u00e7\u00f3is\"}]},{\"@type\":\"WebSite\",\"@id\":\"https:\/\/www.atins.me\/es\/#website\",\"url\":\"https:\/\/www.atins.me\/es\/\",\"name\":\"Atins\",\"description\":\"Len\u00e7\u00f3is Maranhenses\",\"potentialAction\":[{\"@type\":\"SearchAction\",\"target\":{\"@type\":\"EntryPoint\",\"urlTemplate\":\"https:\/\/www.atins.me\/es\/?s={search_term_string}\"},\"query-input\":\"required name=search_term_string\"}],\"inLanguage\":\"es\"},{\"@type\":\"Person\",\"@id\":\"https:\/\/www.atins.me\/es\/#\/schema\/person\/66b52fa648e16580cc9a40548640b626\",\"name\":\"Olaf\",\"image\":{\"@type\":\"ImageObject\",\"inLanguage\":\"es\",\"@id\":\"https:\/\/www.atins.me\/es\/#\/schema\/person\/image\/\",\"url\":\"https:\/\/secure.gravatar.com\/avatar\/00dd2af7bccea7faa7663ae6af4e85f4?s=96&d=mm&r=g\",\"contentUrl\":\"https:\/\/secure.gravatar.com\/avatar\/00dd2af7bccea7faa7663ae6af4e85f4?s=96&d=mm&r=g\",\"caption\":\"Olaf\"},\"url\":\"https:\/\/www.atins.me\/es\/author\/olaf\/\"}]}<\/script>\n<!-- \/ Yoast SEO plugin. -->","yoast_head_json":{"title":"Wildlife Photographer of the Year: Len\u00e7\u00f3is &ndash; Atins","robots":{"index":"noindex","follow":"follow"},"og_locale":"es_ES","og_type":"article","og_title":"Wildlife Photographer of the Year: Len\u00e7\u00f3is &ndash; Atins","og_description":"The Natural History Museum London awarded the prestigious annual Wildlife Photographer of the Year awards. In the category of young talent, French world traveler Jonathan Jagot (17 years) won the price with his entry taken not in our beloved Len\u00e7\u00f3is Maranhenses, but the nearby Ilha dos Len\u00e7\u00f3is. The red (or scarlet) ibis, Guar\u00e1 in Portuguese,\u2026","og_url":"https:\/\/www.atins.me\/es\/wildlife-photographer-of-the-year-lencois\/","og_site_name":"Atins","article_publisher":"http:\/\/www.facebook.com\/conventoarcadia","article_published_time":"2015-10-14T11:56:12+00:00","article_modified_time":"2016-04-16T17:35:02+00:00","og_image":[{"width":952,"height":368,"url":"https:\/\/www.atins.me\/wp-content\/uploads\/2015\/10\/Blog3.jpg","type":"image\/jpeg"}],"author":"Olaf","twitter_card":"summary_large_image","twitter_creator":"@atinsme","twitter_site":"@atinsme","twitter_misc":{"Written by":"Olaf"},"schema":{"@context":"https:\/\/schema.org","@graph":[{"@type":"WebPage","@id":"https:\/\/www.atins.me\/es\/wildlife-photographer-of-the-year-lencois\/","url":"https:\/\/www.atins.me\/es\/wildlife-photographer-of-the-year-lencois\/","name":"Wildlife Photographer of the Year: Len\u00e7\u00f3is &ndash; Atins","isPartOf":{"@id":"https:\/\/www.atins.me\/es\/#website"},"datePublished":"2015-10-14T11:56:12+00:00","dateModified":"2016-04-16T17:35:02+00:00","author":{"@id":"https:\/\/www.atins.me\/es\/#\/schema\/person\/66b52fa648e16580cc9a40548640b626"},"breadcrumb":{"@id":"https:\/\/www.atins.me\/es\/wildlife-photographer-of-the-year-lencois\/#breadcrumb"},"inLanguage":"es","potentialAction":[{"@type":"ReadAction","target":["https:\/\/www.atins.me\/es\/wildlife-photographer-of-the-year-lencois\/"]}]},{"@type":"BreadcrumbList","@id":"https:\/\/www.atins.me\/es\/wildlife-photographer-of-the-year-lencois\/#breadcrumb","itemListElement":[{"@type":"ListItem","position":1,"name":"Home","item":"https:\/\/www.atins.me\/es\/"},{"@type":"ListItem","position":2,"name":"Sin categorizar","item":"https:\/\/www.atins.me\/es\/c\/sin-categorizar\/"},{"@type":"ListItem","position":3,"name":"Wildlife Photographer of the Year: Len\u00e7\u00f3is"}]},{"@type":"WebSite","@id":"https:\/\/www.atins.me\/es\/#website","url":"https:\/\/www.atins.me\/es\/","name":"Atins","description":"Len\u00e7\u00f3is Maranhenses","potentialAction":[{"@type":"SearchAction","target":{"@type":"EntryPoint","urlTemplate":"https:\/\/www.atins.me\/es\/?s={search_term_string}"},"query-input":"required name=search_term_string"}],"inLanguage":"es"},{"@type":"Person","@id":"https:\/\/www.atins.me\/es\/#\/schema\/person\/66b52fa648e16580cc9a40548640b626","name":"Olaf","image":{"@type":"ImageObject","inLanguage":"es","@id":"https:\/\/www.atins.me\/es\/#\/schema\/person\/image\/","url":"https:\/\/secure.gravatar.com\/avatar\/00dd2af7bccea7faa7663ae6af4e85f4?s=96&d=mm&r=g","contentUrl":"https:\/\/secure.gravatar.com\/avatar\/00dd2af7bccea7faa7663ae6af4e85f4?s=96&d=mm&r=g","caption":"Olaf"},"url":"https:\/\/www.atins.me\/es\/author\/olaf\/"}]}},"jetpack_featured_media_url":"https:\/\/www.atins.me\/wp-content\/uploads\/2015\/10\/Blog3.jpg","jetpack_sharing_enabled":true,"_links":{"self":[{"href":"https:\/\/www.atins.me\/es\/wp-json\/wp\/v2\/posts\/11253"}],"collection":[{"href":"https:\/\/www.atins.me\/es\/wp-json\/wp\/v2\/posts"}],"about":[{"href":"https:\/\/www.atins.me\/es\/wp-json\/wp\/v2\/types\/post"}],"author":[{"embeddable":true,"href":"https:\/\/www.atins.me\/es\/wp-json\/wp\/v2\/users\/2"}],"replies":[{"embeddable":true,"href":"https:\/\/www.atins.me\/es\/wp-json\/wp\/v2\/comments?post=11253"}],"version-history":[{"count":0,"href":"https:\/\/www.atins.me\/es\/wp-json\/wp\/v2\/posts\/11253\/revisions"}],"wp:featuredmedia":[{"embeddable":true,"href":"https:\/\/www.atins.me\/es\/wp-json\/wp\/v2\/media\/9869"}],"wp:attachment":[{"href":"https:\/\/www.atins.me\/es\/wp-json\/wp\/v2\/media?parent=11253"}],"wp:term":[{"taxonomy":"category","embeddable":true,"href":"https:\/\/www.atins.me\/es\/wp-json\/wp\/v2\/categories?post=11253"},{"taxonomy":"post_tag","embeddable":true,"href":"https:\/\/www.atins.me\/es\/wp-json\/wp\/v2\/tags?post=11253"}],"curies":[{"name":"wp","href":"https:\/\/api.w.org\/{rel}","templated":true}]}}