{"id":11220,"date":"2016-02-23T09:43:01","date_gmt":"2016-02-23T12:43:01","guid":{"rendered":"https:\/\/www.atins.me\/es\/globo-reporter-visitou-o-litoral-maranhenses\/"},"modified":"2016-04-16T14:20:09","modified_gmt":"2016-04-16T17:20:09","slug":"globo-reporter-visitou-o-litoral-maranhenses","status":"publish","type":"post","link":"https:\/\/www.atins.me\/es\/globo-reporter-visitou-o-litoral-maranhenses\/","title":{"rendered":"Globo Rep\u00f3rter visitou o litoral maranhenses"},"content":{"rendered":"<h3 class=\"entry-title\">Globo Rep\u00f3rter viaja pelos encantos do litoral do Maranh\u00e3o<\/h3>\n<p><a href=\"http:\/\/g1.globo.com\/globo-reporter\/noticia\/2015\/11\/globo-reporter-viaja-pelos-encantos-do-litoral-do-maranhao.html\" target=\"_blank\">Programa<\/a> de\u00a06 do novembro\u00a0mostra os mist\u00e9rios de um Brasil que poucos conhecem. Um para\u00edso onde o vento redesenha paisagens.<\/p>\n<p><img decoding=\"async\" loading=\"lazy\" class=\"alignnone size-full wp-image-10918\" src=\"https:\/\/www.atins.me\/wp-content\/uploads\/2016\/02\/Globo-Reporter.jpg\" alt=\"Globo Reporter\" width=\"952\" height=\"476\" srcset=\"https:\/\/www.atins.me\/wp-content\/uploads\/2016\/02\/Globo-Reporter.jpg 952w, https:\/\/www.atins.me\/wp-content\/uploads\/2016\/02\/Globo-Reporter-300x150.jpg 300w\" sizes=\"(max-width: 952px) 100vw, 952px\" \/><\/p>\n","protected":false},"excerpt":{"rendered":"<p>Globo Rep\u00f3rter viaja pelos encantos do litoral do Maranh\u00e3o Programa de\u00a06 do novembro\u00a0mostra os mist\u00e9rios de um Brasil que poucos conhecem. Um para\u00edso onde o vento redesenha paisagens.<\/p>\n","protected":false},"author":2,"featured_media":10922,"comment_status":"open","ping_status":"open","sticky":false,"template":"","format":"standard","meta":{"_mi_skip_tracking":false,"_monsterinsights_sitenote_active":false,"_monsterinsights_sitenote_note":"","_monsterinsights_sitenote_category":0,"footnotes":""},"categories":[148],"tags":[],"yoast_head":"<!-- This site is optimized with the Yoast SEO plugin v21.0 - https:\/\/yoast.com\/wordpress\/plugins\/seo\/ -->\n<title>Globo Rep\u00f3rter visitou o litoral maranhenses &ndash; Atins<\/title>\n<meta name=\"robots\" content=\"noindex, follow\" \/>\n<meta property=\"og:locale\" content=\"es_ES\" \/>\n<meta property=\"og:type\" content=\"article\" \/>\n<meta property=\"og:title\" content=\"Globo Rep\u00f3rter visitou o litoral maranhenses &ndash; Atins\" \/>\n<meta property=\"og:description\" content=\"Globo Rep\u00f3rter viaja pelos encantos do litoral do Maranh\u00e3o Programa de\u00a06 do novembro\u00a0mostra os mist\u00e9rios de um Brasil que poucos conhecem. Um para\u00edso onde o vento redesenha paisagens.\" \/>\n<meta property=\"og:url\" content=\"https:\/\/www.atins.me\/es\/globo-reporter-visitou-o-litoral-maranhenses\/\" \/>\n<meta property=\"og:site_name\" content=\"Atins\" \/>\n<meta property=\"article:publisher\" content=\"http:\/\/www.facebook.com\/conventoarcadia\" \/>\n<meta property=\"article:published_time\" content=\"2016-02-23T12:43:01+00:00\" \/>\n<meta property=\"article:modified_time\" content=\"2016-04-16T17:20:09+00:00\" \/>\n<meta property=\"og:image\" content=\"https:\/\/www.atins.me\/wp-content\/uploads\/2016\/02\/Globo-Reporter.jpg\" \/>\n\t<meta property=\"og:image:width\" content=\"952\" \/>\n\t<meta property=\"og:image:height\" content=\"476\" \/>\n\t<meta property=\"og:image:type\" content=\"image\/jpeg\" \/>\n<meta name=\"author\" content=\"Olaf\" \/>\n<meta name=\"twitter:card\" content=\"summary_large_image\" \/>\n<meta name=\"twitter:creator\" content=\"@atinsme\" \/>\n<meta name=\"twitter:site\" content=\"@atinsme\" \/>\n<meta name=\"twitter:label1\" content=\"Written by\" \/>\n\t<meta name=\"twitter:data1\" content=\"Olaf\" \/>\n<script type=\"application\/ld+json\" class=\"yoast-schema-graph\">{\"@context\":\"https:\/\/schema.org\",\"@graph\":[{\"@type\":\"WebPage\",\"@id\":\"https:\/\/www.atins.me\/es\/globo-reporter-visitou-o-litoral-maranhenses\/\",\"url\":\"https:\/\/www.atins.me\/es\/globo-reporter-visitou-o-litoral-maranhenses\/\",\"name\":\"Globo Rep\u00f3rter visitou o litoral maranhenses &ndash; Atins\",\"isPartOf\":{\"@id\":\"https:\/\/www.atins.me\/es\/#website\"},\"datePublished\":\"2016-02-23T12:43:01+00:00\",\"dateModified\":\"2016-04-16T17:20:09+00:00\",\"author\":{\"@id\":\"https:\/\/www.atins.me\/es\/#\/schema\/person\/66b52fa648e16580cc9a40548640b626\"},\"breadcrumb\":{\"@id\":\"https:\/\/www.atins.me\/es\/globo-reporter-visitou-o-litoral-maranhenses\/#breadcrumb\"},\"inLanguage\":\"es\",\"potentialAction\":[{\"@type\":\"ReadAction\",\"target\":[\"https:\/\/www.atins.me\/es\/globo-reporter-visitou-o-litoral-maranhenses\/\"]}]},{\"@type\":\"BreadcrumbList\",\"@id\":\"https:\/\/www.atins.me\/es\/globo-reporter-visitou-o-litoral-maranhenses\/#breadcrumb\",\"itemListElement\":[{\"@type\":\"ListItem\",\"position\":1,\"name\":\"Home\",\"item\":\"https:\/\/www.atins.me\/es\/\"},{\"@type\":\"ListItem\",\"position\":2,\"name\":\"Len\u00e7\u00f3is Maranhenses\",\"item\":\"https:\/\/www.atins.me\/es\/c\/lencois-maranhenses-es\/\"},{\"@type\":\"ListItem\",\"position\":3,\"name\":\"Globo Rep\u00f3rter visitou o litoral maranhenses\"}]},{\"@type\":\"WebSite\",\"@id\":\"https:\/\/www.atins.me\/es\/#website\",\"url\":\"https:\/\/www.atins.me\/es\/\",\"name\":\"Atins\",\"description\":\"Len\u00e7\u00f3is Maranhenses\",\"potentialAction\":[{\"@type\":\"SearchAction\",\"target\":{\"@type\":\"EntryPoint\",\"urlTemplate\":\"https:\/\/www.atins.me\/es\/?s={search_term_string}\"},\"query-input\":\"required name=search_term_string\"}],\"inLanguage\":\"es\"},{\"@type\":\"Person\",\"@id\":\"https:\/\/www.atins.me\/es\/#\/schema\/person\/66b52fa648e16580cc9a40548640b626\",\"name\":\"Olaf\",\"image\":{\"@type\":\"ImageObject\",\"inLanguage\":\"es\",\"@id\":\"https:\/\/www.atins.me\/es\/#\/schema\/person\/image\/\",\"url\":\"https:\/\/secure.gravatar.com\/avatar\/00dd2af7bccea7faa7663ae6af4e85f4?s=96&d=mm&r=g\",\"contentUrl\":\"https:\/\/secure.gravatar.com\/avatar\/00dd2af7bccea7faa7663ae6af4e85f4?s=96&d=mm&r=g\",\"caption\":\"Olaf\"},\"url\":\"https:\/\/www.atins.me\/es\/author\/olaf\/\"}]}<\/script>\n<!-- \/ Yoast SEO plugin. -->","yoast_head_json":{"title":"Globo Rep\u00f3rter visitou o litoral maranhenses &ndash; Atins","robots":{"index":"noindex","follow":"follow"},"og_locale":"es_ES","og_type":"article","og_title":"Globo Rep\u00f3rter visitou o litoral maranhenses &ndash; Atins","og_description":"Globo Rep\u00f3rter viaja pelos encantos do litoral do Maranh\u00e3o Programa de\u00a06 do novembro\u00a0mostra os mist\u00e9rios de um Brasil que poucos conhecem. Um para\u00edso onde o vento redesenha paisagens.","og_url":"https:\/\/www.atins.me\/es\/globo-reporter-visitou-o-litoral-maranhenses\/","og_site_name":"Atins","article_publisher":"http:\/\/www.facebook.com\/conventoarcadia","article_published_time":"2016-02-23T12:43:01+00:00","article_modified_time":"2016-04-16T17:20:09+00:00","og_image":[{"width":952,"height":476,"url":"https:\/\/www.atins.me\/wp-content\/uploads\/2016\/02\/Globo-Reporter.jpg","type":"image\/jpeg"}],"author":"Olaf","twitter_card":"summary_large_image","twitter_creator":"@atinsme","twitter_site":"@atinsme","twitter_misc":{"Written by":"Olaf"},"schema":{"@context":"https:\/\/schema.org","@graph":[{"@type":"WebPage","@id":"https:\/\/www.atins.me\/es\/globo-reporter-visitou-o-litoral-maranhenses\/","url":"https:\/\/www.atins.me\/es\/globo-reporter-visitou-o-litoral-maranhenses\/","name":"Globo Rep\u00f3rter visitou o litoral maranhenses &ndash; Atins","isPartOf":{"@id":"https:\/\/www.atins.me\/es\/#website"},"datePublished":"2016-02-23T12:43:01+00:00","dateModified":"2016-04-16T17:20:09+00:00","author":{"@id":"https:\/\/www.atins.me\/es\/#\/schema\/person\/66b52fa648e16580cc9a40548640b626"},"breadcrumb":{"@id":"https:\/\/www.atins.me\/es\/globo-reporter-visitou-o-litoral-maranhenses\/#breadcrumb"},"inLanguage":"es","potentialAction":[{"@type":"ReadAction","target":["https:\/\/www.atins.me\/es\/globo-reporter-visitou-o-litoral-maranhenses\/"]}]},{"@type":"BreadcrumbList","@id":"https:\/\/www.atins.me\/es\/globo-reporter-visitou-o-litoral-maranhenses\/#breadcrumb","itemListElement":[{"@type":"ListItem","position":1,"name":"Home","item":"https:\/\/www.atins.me\/es\/"},{"@type":"ListItem","position":2,"name":"Len\u00e7\u00f3is Maranhenses","item":"https:\/\/www.atins.me\/es\/c\/lencois-maranhenses-es\/"},{"@type":"ListItem","position":3,"name":"Globo Rep\u00f3rter visitou o litoral maranhenses"}]},{"@type":"WebSite","@id":"https:\/\/www.atins.me\/es\/#website","url":"https:\/\/www.atins.me\/es\/","name":"Atins","description":"Len\u00e7\u00f3is Maranhenses","potentialAction":[{"@type":"SearchAction","target":{"@type":"EntryPoint","urlTemplate":"https:\/\/www.atins.me\/es\/?s={search_term_string}"},"query-input":"required name=search_term_string"}],"inLanguage":"es"},{"@type":"Person","@id":"https:\/\/www.atins.me\/es\/#\/schema\/person\/66b52fa648e16580cc9a40548640b626","name":"Olaf","image":{"@type":"ImageObject","inLanguage":"es","@id":"https:\/\/www.atins.me\/es\/#\/schema\/person\/image\/","url":"https:\/\/secure.gravatar.com\/avatar\/00dd2af7bccea7faa7663ae6af4e85f4?s=96&d=mm&r=g","contentUrl":"https:\/\/secure.gravatar.com\/avatar\/00dd2af7bccea7faa7663ae6af4e85f4?s=96&d=mm&r=g","caption":"Olaf"},"url":"https:\/\/www.atins.me\/es\/author\/olaf\/"}]}},"jetpack_featured_media_url":"https:\/\/www.atins.me\/wp-content\/uploads\/2016\/02\/Globo-Reporter.jpg","jetpack_sharing_enabled":true,"_links":{"self":[{"href":"https:\/\/www.atins.me\/es\/wp-json\/wp\/v2\/posts\/11220"}],"collection":[{"href":"https:\/\/www.atins.me\/es\/wp-json\/wp\/v2\/posts"}],"about":[{"href":"https:\/\/www.atins.me\/es\/wp-json\/wp\/v2\/types\/post"}],"author":[{"embeddable":true,"href":"https:\/\/www.atins.me\/es\/wp-json\/wp\/v2\/users\/2"}],"replies":[{"embeddable":true,"href":"https:\/\/www.atins.me\/es\/wp-json\/wp\/v2\/comments?post=11220"}],"version-history":[{"count":0,"href":"https:\/\/www.atins.me\/es\/wp-json\/wp\/v2\/posts\/11220\/revisions"}],"wp:featuredmedia":[{"embeddable":true,"href":"https:\/\/www.atins.me\/es\/wp-json\/wp\/v2\/media\/10922"}],"wp:attachment":[{"href":"https:\/\/www.atins.me\/es\/wp-json\/wp\/v2\/media?parent=11220"}],"wp:term":[{"taxonomy":"category","embeddable":true,"href":"https:\/\/www.atins.me\/es\/wp-json\/wp\/v2\/categories?post=11220"},{"taxonomy":"post_tag","embeddable":true,"href":"https:\/\/www.atins.me\/es\/wp-json\/wp\/v2\/tags?post=11220"}],"curies":[{"name":"wp","href":"https:\/\/api.w.org\/{rel}","templated":true}]}}