{"id":11827,"date":"2016-06-15T17:50:28","date_gmt":"2016-06-15T20:50:28","guid":{"rendered":"https:\/\/www.atins.me\/de\/olympic-torch-passed-atins\/"},"modified":"2016-06-15T18:03:17","modified_gmt":"2016-06-15T21:03:17","slug":"olympic-torch-passed-atins","status":"publish","type":"post","link":"https:\/\/www.atins.me\/de\/olympic-torch-passed-atins\/","title":{"rendered":"The Olympic torch passed through Atins!"},"content":{"rendered":"<p><a href=\"https:\/\/www.atins.me\/wp-content\/uploads\/2016\/06\/Samuel-tocha-Kites.jpg\"><img decoding=\"async\" loading=\"lazy\" class=\"alignnone wp-image-11808 size-full\" src=\"https:\/\/www.atins.me\/wp-content\/uploads\/2016\/06\/Samuel-tocha-Kites.jpg\" alt=\"Olympic torch with Kites\" width=\"952\" height=\"476\" srcset=\"https:\/\/www.atins.me\/wp-content\/uploads\/2016\/06\/Samuel-tocha-Kites.jpg 952w, https:\/\/www.atins.me\/wp-content\/uploads\/2016\/06\/Samuel-tocha-Kites-300x150.jpg 300w\" sizes=\"(max-width: 952px) 100vw, 952px\" \/><\/a><\/p>\n<p>On 13th June the Olympic torch for the Games in <a href=\"http:\/\/www.rio2016.com\">Rio de Janeiro 2016<\/a> passed through the Len\u00e7\u00f3is Maranhenses starting in\u00a0Barreirinhas and stopping in Vassouras, Mandacar\u00fa and Atins before heading on to the Lagoa Azul\u00a0in the middle of the National Park. In Atins, the local kiters gave the guard of honour and local Kite dude Samuel carried the torch!<\/p>\n<p><a href=\"https:\/\/www.atins.me\/wp-content\/uploads\/2016\/06\/Samuel-carrega-a-tocha.jpg\"><img decoding=\"async\" loading=\"lazy\" class=\"alignnone size-full wp-image-11814\" src=\"https:\/\/www.atins.me\/wp-content\/uploads\/2016\/06\/Samuel-carrega-a-tocha.jpg\" alt=\"Olympic torch in Atins\" width=\"952\" height=\"476\" srcset=\"https:\/\/www.atins.me\/wp-content\/uploads\/2016\/06\/Samuel-carrega-a-tocha.jpg 952w, https:\/\/www.atins.me\/wp-content\/uploads\/2016\/06\/Samuel-carrega-a-tocha-300x150.jpg 300w\" sizes=\"(max-width: 952px) 100vw, 952px\" \/><\/a><\/p>\n<p>Below you can read up the news in some local outlets (Portuguese only):<\/p>\n<ul>\n<li><a href=\"http:\/\/www.brasil2016.gov.br\/pt-br\/noticias\/nas-paisagens-dos-lencois-maranhenses-tocha-olimpica-revela-personagens-da-cidade\">Brazil2016: Revezamento da Tocha<\/a><\/li>\n<li><a href=\"http:\/\/www.icmbio.gov.br\/portal\/ultimas-noticias\/20-geral\/7974-lencois-maranhenses-recebe-a-tocha-olimpica\">ICMBio: Len\u00e7\u00f3is Maranhenses recebe a tocha ol\u00edmpica<\/a><\/li>\n<\/ul>\n","protected":false},"excerpt":{"rendered":"<p>On 13th June the Olympic torch for the Games in Rio de Janeiro 2016 passed through the Len\u00e7\u00f3is Maranhenses starting in\u00a0Barreirinhas and stopping in Vassouras, Mandacar\u00fa and Atins before heading on to the Lagoa Azul\u00a0in the middle of the National Park. In Atins, the local kiters gave the guard of honour and local Kite dude\u2026<\/p>\n","protected":false},"author":2,"featured_media":11822,"comment_status":"open","ping_status":"open","sticky":false,"template":"","format":"standard","meta":{"_mi_skip_tracking":false,"_monsterinsights_sitenote_active":false,"_monsterinsights_sitenote_note":"","_monsterinsights_sitenote_category":0,"footnotes":""},"categories":[191,320,261,145,322],"tags":[],"yoast_head":"<!-- This site is optimized with the Yoast SEO plugin v21.0 - https:\/\/yoast.com\/wordpress\/plugins\/seo\/ -->\n<title>Olympic torch passes through Atins and the Len\u00e7\u00f3is Maranhenses<\/title>\n<meta name=\"description\" content=\"On 13th June the Olympic torch for the Games in Rio de Janeiro 2016 passed through the Len\u00e7\u00f3is Maranhenses and Atins with local kiters as guard of honour.\" \/>\n<meta name=\"robots\" content=\"noindex, follow\" \/>\n<meta property=\"og:locale\" content=\"de_DE\" \/>\n<meta property=\"og:type\" content=\"article\" \/>\n<meta property=\"og:title\" content=\"Olympic torch passes through Atins and the Len\u00e7\u00f3is Maranhenses\" \/>\n<meta property=\"og:description\" content=\"On 13th June the Olympic torch for the Games in Rio de Janeiro 2016 passed through the Len\u00e7\u00f3is Maranhenses and Atins with local kiters as guard of honour.\" \/>\n<meta property=\"og:url\" content=\"https:\/\/www.atins.me\/de\/olympic-torch-passed-atins\/\" \/>\n<meta property=\"og:site_name\" content=\"Atins\" \/>\n<meta property=\"article:publisher\" content=\"http:\/\/www.facebook.com\/conventoarcadia\" \/>\n<meta property=\"article:published_time\" content=\"2016-06-15T20:50:28+00:00\" \/>\n<meta property=\"article:modified_time\" content=\"2016-06-15T21:03:17+00:00\" \/>\n<meta property=\"og:image\" content=\"https:\/\/www.atins.me\/wp-content\/uploads\/2016\/06\/Samuel-carrega-a-tocha_p.png\" \/>\n\t<meta property=\"og:image:width\" content=\"225\" \/>\n\t<meta property=\"og:image:height\" content=\"375\" \/>\n\t<meta property=\"og:image:type\" content=\"image\/png\" \/>\n<meta name=\"author\" content=\"Olaf\" \/>\n<meta name=\"twitter:card\" content=\"summary_large_image\" \/>\n<meta name=\"twitter:creator\" content=\"@atinsme\" \/>\n<meta name=\"twitter:site\" content=\"@atinsme\" \/>\n<meta name=\"twitter:label1\" content=\"Written by\" \/>\n\t<meta name=\"twitter:data1\" content=\"Olaf\" \/>\n<script type=\"application\/ld+json\" class=\"yoast-schema-graph\">{\"@context\":\"https:\/\/schema.org\",\"@graph\":[{\"@type\":\"WebPage\",\"@id\":\"https:\/\/www.atins.me\/de\/olympic-torch-passed-atins\/\",\"url\":\"https:\/\/www.atins.me\/de\/olympic-torch-passed-atins\/\",\"name\":\"Olympic torch passes through Atins and the Len\u00e7\u00f3is Maranhenses\",\"isPartOf\":{\"@id\":\"https:\/\/www.atins.me\/es\/#website\"},\"datePublished\":\"2016-06-15T20:50:28+00:00\",\"dateModified\":\"2016-06-15T21:03:17+00:00\",\"author\":{\"@id\":\"https:\/\/www.atins.me\/es\/#\/schema\/person\/66b52fa648e16580cc9a40548640b626\"},\"description\":\"On 13th June the Olympic torch for the Games in Rio de Janeiro 2016 passed through the Len\u00e7\u00f3is Maranhenses and Atins with local kiters as guard of honour.\",\"breadcrumb\":{\"@id\":\"https:\/\/www.atins.me\/de\/olympic-torch-passed-atins\/#breadcrumb\"},\"inLanguage\":\"de\",\"potentialAction\":[{\"@type\":\"ReadAction\",\"target\":[\"https:\/\/www.atins.me\/de\/olympic-torch-passed-atins\/\"]}]},{\"@type\":\"BreadcrumbList\",\"@id\":\"https:\/\/www.atins.me\/de\/olympic-torch-passed-atins\/#breadcrumb\",\"itemListElement\":[{\"@type\":\"ListItem\",\"position\":1,\"name\":\"Home\",\"item\":\"https:\/\/www.atins.me\/de\/\"},{\"@type\":\"ListItem\",\"position\":2,\"name\":\"Atins\",\"item\":\"https:\/\/www.atins.me\/de\/c\/atins-de\/\"},{\"@type\":\"ListItem\",\"position\":3,\"name\":\"The Olympic torch passed through Atins!\"}]},{\"@type\":\"WebSite\",\"@id\":\"https:\/\/www.atins.me\/es\/#website\",\"url\":\"https:\/\/www.atins.me\/es\/\",\"name\":\"Atins\",\"description\":\"Len\u00e7\u00f3is Maranhenses\",\"potentialAction\":[{\"@type\":\"SearchAction\",\"target\":{\"@type\":\"EntryPoint\",\"urlTemplate\":\"https:\/\/www.atins.me\/es\/?s={search_term_string}\"},\"query-input\":\"required name=search_term_string\"}],\"inLanguage\":\"de\"},{\"@type\":\"Person\",\"@id\":\"https:\/\/www.atins.me\/es\/#\/schema\/person\/66b52fa648e16580cc9a40548640b626\",\"name\":\"Olaf\",\"image\":{\"@type\":\"ImageObject\",\"inLanguage\":\"de\",\"@id\":\"https:\/\/www.atins.me\/es\/#\/schema\/person\/image\/\",\"url\":\"https:\/\/secure.gravatar.com\/avatar\/00dd2af7bccea7faa7663ae6af4e85f4?s=96&d=mm&r=g\",\"contentUrl\":\"https:\/\/secure.gravatar.com\/avatar\/00dd2af7bccea7faa7663ae6af4e85f4?s=96&d=mm&r=g\",\"caption\":\"Olaf\"},\"url\":\"https:\/\/www.atins.me\/de\/author\/olaf\/\"}]}<\/script>\n<!-- \/ Yoast SEO plugin. -->","yoast_head_json":{"title":"Olympic torch passes through Atins and the Len\u00e7\u00f3is Maranhenses","description":"On 13th June the Olympic torch for the Games in Rio de Janeiro 2016 passed through the Len\u00e7\u00f3is Maranhenses and Atins with local kiters as guard of honour.","robots":{"index":"noindex","follow":"follow"},"og_locale":"de_DE","og_type":"article","og_title":"Olympic torch passes through Atins and the Len\u00e7\u00f3is Maranhenses","og_description":"On 13th June the Olympic torch for the Games in Rio de Janeiro 2016 passed through the Len\u00e7\u00f3is Maranhenses and Atins with local kiters as guard of honour.","og_url":"https:\/\/www.atins.me\/de\/olympic-torch-passed-atins\/","og_site_name":"Atins","article_publisher":"http:\/\/www.facebook.com\/conventoarcadia","article_published_time":"2016-06-15T20:50:28+00:00","article_modified_time":"2016-06-15T21:03:17+00:00","og_image":[{"width":225,"height":375,"url":"https:\/\/www.atins.me\/wp-content\/uploads\/2016\/06\/Samuel-carrega-a-tocha_p.png","type":"image\/png"}],"author":"Olaf","twitter_card":"summary_large_image","twitter_creator":"@atinsme","twitter_site":"@atinsme","twitter_misc":{"Written by":"Olaf"},"schema":{"@context":"https:\/\/schema.org","@graph":[{"@type":"WebPage","@id":"https:\/\/www.atins.me\/de\/olympic-torch-passed-atins\/","url":"https:\/\/www.atins.me\/de\/olympic-torch-passed-atins\/","name":"Olympic torch passes through Atins and the Len\u00e7\u00f3is Maranhenses","isPartOf":{"@id":"https:\/\/www.atins.me\/es\/#website"},"datePublished":"2016-06-15T20:50:28+00:00","dateModified":"2016-06-15T21:03:17+00:00","author":{"@id":"https:\/\/www.atins.me\/es\/#\/schema\/person\/66b52fa648e16580cc9a40548640b626"},"description":"On 13th June the Olympic torch for the Games in Rio de Janeiro 2016 passed through the Len\u00e7\u00f3is Maranhenses and Atins with local kiters as guard of honour.","breadcrumb":{"@id":"https:\/\/www.atins.me\/de\/olympic-torch-passed-atins\/#breadcrumb"},"inLanguage":"de","potentialAction":[{"@type":"ReadAction","target":["https:\/\/www.atins.me\/de\/olympic-torch-passed-atins\/"]}]},{"@type":"BreadcrumbList","@id":"https:\/\/www.atins.me\/de\/olympic-torch-passed-atins\/#breadcrumb","itemListElement":[{"@type":"ListItem","position":1,"name":"Home","item":"https:\/\/www.atins.me\/de\/"},{"@type":"ListItem","position":2,"name":"Atins","item":"https:\/\/www.atins.me\/de\/c\/atins-de\/"},{"@type":"ListItem","position":3,"name":"The Olympic torch passed through Atins!"}]},{"@type":"WebSite","@id":"https:\/\/www.atins.me\/es\/#website","url":"https:\/\/www.atins.me\/es\/","name":"Atins","description":"Len\u00e7\u00f3is Maranhenses","potentialAction":[{"@type":"SearchAction","target":{"@type":"EntryPoint","urlTemplate":"https:\/\/www.atins.me\/es\/?s={search_term_string}"},"query-input":"required name=search_term_string"}],"inLanguage":"de"},{"@type":"Person","@id":"https:\/\/www.atins.me\/es\/#\/schema\/person\/66b52fa648e16580cc9a40548640b626","name":"Olaf","image":{"@type":"ImageObject","inLanguage":"de","@id":"https:\/\/www.atins.me\/es\/#\/schema\/person\/image\/","url":"https:\/\/secure.gravatar.com\/avatar\/00dd2af7bccea7faa7663ae6af4e85f4?s=96&d=mm&r=g","contentUrl":"https:\/\/secure.gravatar.com\/avatar\/00dd2af7bccea7faa7663ae6af4e85f4?s=96&d=mm&r=g","caption":"Olaf"},"url":"https:\/\/www.atins.me\/de\/author\/olaf\/"}]}},"jetpack_featured_media_url":"https:\/\/www.atins.me\/wp-content\/uploads\/2016\/06\/Samuel-carrega-a-tocha_p.png","jetpack_sharing_enabled":true,"_links":{"self":[{"href":"https:\/\/www.atins.me\/de\/wp-json\/wp\/v2\/posts\/11827"}],"collection":[{"href":"https:\/\/www.atins.me\/de\/wp-json\/wp\/v2\/posts"}],"about":[{"href":"https:\/\/www.atins.me\/de\/wp-json\/wp\/v2\/types\/post"}],"author":[{"embeddable":true,"href":"https:\/\/www.atins.me\/de\/wp-json\/wp\/v2\/users\/2"}],"replies":[{"embeddable":true,"href":"https:\/\/www.atins.me\/de\/wp-json\/wp\/v2\/comments?post=11827"}],"version-history":[{"count":0,"href":"https:\/\/www.atins.me\/de\/wp-json\/wp\/v2\/posts\/11827\/revisions"}],"wp:featuredmedia":[{"embeddable":true,"href":"https:\/\/www.atins.me\/de\/wp-json\/wp\/v2\/media\/11822"}],"wp:attachment":[{"href":"https:\/\/www.atins.me\/de\/wp-json\/wp\/v2\/media?parent=11827"}],"wp:term":[{"taxonomy":"category","embeddable":true,"href":"https:\/\/www.atins.me\/de\/wp-json\/wp\/v2\/categories?post=11827"},{"taxonomy":"post_tag","embeddable":true,"href":"https:\/\/www.atins.me\/de\/wp-json\/wp\/v2\/tags?post=11827"}],"curies":[{"name":"wp","href":"https:\/\/api.w.org\/{rel}","templated":true}]}}