{"id":11292,"date":"2014-09-17T16:15:03","date_gmt":"2014-09-17T19:15:03","guid":{"rendered":"https:\/\/www.atins.me\/de\/red-bull-rally-dos-ventos\/"},"modified":"2016-04-16T14:42:06","modified_gmt":"2016-04-16T17:42:06","slug":"red-bull-rally-dos-ventos","status":"publish","type":"post","link":"https:\/\/www.atins.me\/de\/red-bull-rally-dos-ventos\/","title":{"rendered":"Red Bull Rally dos Ventos"},"content":{"rendered":"<p>Last weekend (13\/14 September 2014) saw the Red Bull Rally dos Ventos stop by the Len\u00e7\u00f3is. The &#8220;Kite Endurance&#8221; rally, kiters have to master a route of approximately 16 km inside the National Park of Len\u00e7\u00f3is in the shortest possible time. Participants require both advanced technical skills and physical fitness kiting part of the journey along the lagoons and the rest on the dunes.<\/p>\n<p>The best kitesurfers in the world gathered in the desert to face 16 km of water, sand and heat in an unprecedented competition.<\/p>\n<p>Among the names of participants were Estonian Kristiin Oja, the current leader of the women&#8217;s world rankings Annelous Lammertz, and French Marie Desandre, vice world champion kite speed, American Susi Mai and Brazilian Bruna Kajiya, freestyle world champion 2009.<\/p>\n<p>In the men&#8217;s competitions attendees included French Alex Caizergues, three times world champion kite speed and current record holder for speed, Brazilian Wilson Veloso, Brazilian champion and twice world champion Master of kiteracing; and Robert Veiga one of the highest ranked kitesurfers in the world.<\/p>\n<p>Check out the video from the event:<\/p>\n<p style=\"text-align: center;\"><a href=\"http:\/\/www.redbull.com\/br\/pt\/surfing\/stories\/1331679069982\/a%C3%A7%C3%A3o-e-aventura-nos-len%C3%A7%C3%B3is-maranhenses\" target=\"_blank\">A\u00e7\u00e3o e aventura nos Len\u00e7\u00f3is Maranhenses<\/a><\/p>\n<figure id=\"attachment_10050\" aria-describedby=\"caption-attachment-10050\" style=\"width: 952px\" class=\"wp-caption alignnone\"><img decoding=\"async\" loading=\"lazy\" class=\"size-full wp-image-10050\" src=\"https:\/\/www.atins.me\/wp-content\/uploads\/2014\/09\/Red-Bull-Rally-de-Ventos.jpg\" alt=\"Competitors perform at Red Bull Rally dos Ventos in Lencois Maranhenses National Park, Brazil on september 13th, 2014\" width=\"952\" height=\"416\" srcset=\"https:\/\/www.atins.me\/wp-content\/uploads\/2014\/09\/Red-Bull-Rally-de-Ventos.jpg 952w, https:\/\/www.atins.me\/wp-content\/uploads\/2014\/09\/Red-Bull-Rally-de-Ventos-300x131.jpg 300w\" sizes=\"(max-width: 952px) 100vw, 952px\" \/><figcaption id=\"caption-attachment-10050\" class=\"wp-caption-text\">Competitors perform at Red Bull Rally dos Ventos in Lencois Maranhenses National Park, Brazil on september 13th, 2014<\/figcaption><\/figure>\n<p>&nbsp;<\/p>\n","protected":false},"excerpt":{"rendered":"<p>Last weekend (13\/14 September 2014) saw the Red Bull Rally dos Ventos stop by the Len\u00e7\u00f3is. The &#8220;Kite Endurance&#8221; rally, kiters have to master a route of approximately 16 km inside the National Park of Len\u00e7\u00f3is in the shortest possible time. Participants require both advanced technical skills and physical fitness kiting part of the journey\u2026<\/p>\n","protected":false},"author":2,"featured_media":10052,"comment_status":"closed","ping_status":"closed","sticky":false,"template":"","format":"standard","meta":{"_mi_skip_tracking":false,"_monsterinsights_sitenote_active":false,"_monsterinsights_sitenote_note":"","_monsterinsights_sitenote_category":0,"footnotes":""},"categories":[261,145],"tags":[262,263],"yoast_head":"<!-- This site is optimized with the Yoast SEO plugin v21.0 - https:\/\/yoast.com\/wordpress\/plugins\/seo\/ -->\n<title>Red Bull Rally dos Ventos &ndash; Atins<\/title>\n<meta name=\"robots\" content=\"noindex, follow\" \/>\n<meta property=\"og:locale\" content=\"de_DE\" \/>\n<meta property=\"og:type\" content=\"article\" \/>\n<meta property=\"og:title\" content=\"Red Bull Rally dos Ventos &ndash; Atins\" \/>\n<meta property=\"og:description\" content=\"Last weekend (13\/14 September 2014) saw the Red Bull Rally dos Ventos stop by the Len\u00e7\u00f3is. The &#8220;Kite Endurance&#8221; rally, kiters have to master a route of approximately 16 km inside the National Park of Len\u00e7\u00f3is in the shortest possible time. Participants require both advanced technical skills and physical fitness kiting part of the journey\u2026\" \/>\n<meta property=\"og:url\" content=\"https:\/\/www.atins.me\/de\/red-bull-rally-dos-ventos\/\" \/>\n<meta property=\"og:site_name\" content=\"Atins\" \/>\n<meta property=\"article:publisher\" content=\"http:\/\/www.facebook.com\/conventoarcadia\" \/>\n<meta property=\"article:published_time\" content=\"2014-09-17T19:15:03+00:00\" \/>\n<meta property=\"article:modified_time\" content=\"2016-04-16T17:42:06+00:00\" \/>\n<meta property=\"og:image\" content=\"https:\/\/www.atins.me\/wp-content\/uploads\/2014\/09\/Red-Bull-Rally-de-Ventos.jpg\" \/>\n\t<meta property=\"og:image:width\" content=\"952\" \/>\n\t<meta property=\"og:image:height\" content=\"416\" \/>\n\t<meta property=\"og:image:type\" content=\"image\/jpeg\" \/>\n<meta name=\"author\" content=\"Olaf\" \/>\n<meta name=\"twitter:card\" content=\"summary_large_image\" \/>\n<meta name=\"twitter:creator\" content=\"@atinsme\" \/>\n<meta name=\"twitter:site\" content=\"@atinsme\" \/>\n<meta name=\"twitter:label1\" content=\"Written by\" \/>\n\t<meta name=\"twitter:data1\" content=\"Olaf\" \/>\n\t<meta name=\"twitter:label2\" content=\"Est. reading time\" \/>\n\t<meta name=\"twitter:data2\" content=\"1 minute\" \/>\n<script type=\"application\/ld+json\" class=\"yoast-schema-graph\">{\"@context\":\"https:\/\/schema.org\",\"@graph\":[{\"@type\":\"WebPage\",\"@id\":\"https:\/\/www.atins.me\/de\/red-bull-rally-dos-ventos\/\",\"url\":\"https:\/\/www.atins.me\/de\/red-bull-rally-dos-ventos\/\",\"name\":\"Red Bull Rally dos Ventos &ndash; Atins\",\"isPartOf\":{\"@id\":\"https:\/\/www.atins.me\/es\/#website\"},\"datePublished\":\"2014-09-17T19:15:03+00:00\",\"dateModified\":\"2016-04-16T17:42:06+00:00\",\"author\":{\"@id\":\"https:\/\/www.atins.me\/es\/#\/schema\/person\/66b52fa648e16580cc9a40548640b626\"},\"breadcrumb\":{\"@id\":\"https:\/\/www.atins.me\/de\/red-bull-rally-dos-ventos\/#breadcrumb\"},\"inLanguage\":\"de\",\"potentialAction\":[{\"@type\":\"ReadAction\",\"target\":[\"https:\/\/www.atins.me\/de\/red-bull-rally-dos-ventos\/\"]}]},{\"@type\":\"BreadcrumbList\",\"@id\":\"https:\/\/www.atins.me\/de\/red-bull-rally-dos-ventos\/#breadcrumb\",\"itemListElement\":[{\"@type\":\"ListItem\",\"position\":1,\"name\":\"Home\",\"item\":\"https:\/\/www.atins.me\/de\/\"},{\"@type\":\"ListItem\",\"position\":2,\"name\":\"Kite\",\"item\":\"https:\/\/www.atins.me\/de\/c\/kite-de\/\"},{\"@type\":\"ListItem\",\"position\":3,\"name\":\"Red Bull Rally dos Ventos\"}]},{\"@type\":\"WebSite\",\"@id\":\"https:\/\/www.atins.me\/es\/#website\",\"url\":\"https:\/\/www.atins.me\/es\/\",\"name\":\"Atins\",\"description\":\"Len\u00e7\u00f3is Maranhenses\",\"potentialAction\":[{\"@type\":\"SearchAction\",\"target\":{\"@type\":\"EntryPoint\",\"urlTemplate\":\"https:\/\/www.atins.me\/es\/?s={search_term_string}\"},\"query-input\":\"required name=search_term_string\"}],\"inLanguage\":\"de\"},{\"@type\":\"Person\",\"@id\":\"https:\/\/www.atins.me\/es\/#\/schema\/person\/66b52fa648e16580cc9a40548640b626\",\"name\":\"Olaf\",\"image\":{\"@type\":\"ImageObject\",\"inLanguage\":\"de\",\"@id\":\"https:\/\/www.atins.me\/es\/#\/schema\/person\/image\/\",\"url\":\"https:\/\/secure.gravatar.com\/avatar\/00dd2af7bccea7faa7663ae6af4e85f4?s=96&d=mm&r=g\",\"contentUrl\":\"https:\/\/secure.gravatar.com\/avatar\/00dd2af7bccea7faa7663ae6af4e85f4?s=96&d=mm&r=g\",\"caption\":\"Olaf\"},\"url\":\"https:\/\/www.atins.me\/de\/author\/olaf\/\"}]}<\/script>\n<!-- \/ Yoast SEO plugin. -->","yoast_head_json":{"title":"Red Bull Rally dos Ventos &ndash; Atins","robots":{"index":"noindex","follow":"follow"},"og_locale":"de_DE","og_type":"article","og_title":"Red Bull Rally dos Ventos &ndash; Atins","og_description":"Last weekend (13\/14 September 2014) saw the Red Bull Rally dos Ventos stop by the Len\u00e7\u00f3is. The &#8220;Kite Endurance&#8221; rally, kiters have to master a route of approximately 16 km inside the National Park of Len\u00e7\u00f3is in the shortest possible time. Participants require both advanced technical skills and physical fitness kiting part of the journey\u2026","og_url":"https:\/\/www.atins.me\/de\/red-bull-rally-dos-ventos\/","og_site_name":"Atins","article_publisher":"http:\/\/www.facebook.com\/conventoarcadia","article_published_time":"2014-09-17T19:15:03+00:00","article_modified_time":"2016-04-16T17:42:06+00:00","og_image":[{"width":952,"height":416,"url":"https:\/\/www.atins.me\/wp-content\/uploads\/2014\/09\/Red-Bull-Rally-de-Ventos.jpg","type":"image\/jpeg"}],"author":"Olaf","twitter_card":"summary_large_image","twitter_creator":"@atinsme","twitter_site":"@atinsme","twitter_misc":{"Written by":"Olaf","Est. reading time":"1 minute"},"schema":{"@context":"https:\/\/schema.org","@graph":[{"@type":"WebPage","@id":"https:\/\/www.atins.me\/de\/red-bull-rally-dos-ventos\/","url":"https:\/\/www.atins.me\/de\/red-bull-rally-dos-ventos\/","name":"Red Bull Rally dos Ventos &ndash; Atins","isPartOf":{"@id":"https:\/\/www.atins.me\/es\/#website"},"datePublished":"2014-09-17T19:15:03+00:00","dateModified":"2016-04-16T17:42:06+00:00","author":{"@id":"https:\/\/www.atins.me\/es\/#\/schema\/person\/66b52fa648e16580cc9a40548640b626"},"breadcrumb":{"@id":"https:\/\/www.atins.me\/de\/red-bull-rally-dos-ventos\/#breadcrumb"},"inLanguage":"de","potentialAction":[{"@type":"ReadAction","target":["https:\/\/www.atins.me\/de\/red-bull-rally-dos-ventos\/"]}]},{"@type":"BreadcrumbList","@id":"https:\/\/www.atins.me\/de\/red-bull-rally-dos-ventos\/#breadcrumb","itemListElement":[{"@type":"ListItem","position":1,"name":"Home","item":"https:\/\/www.atins.me\/de\/"},{"@type":"ListItem","position":2,"name":"Kite","item":"https:\/\/www.atins.me\/de\/c\/kite-de\/"},{"@type":"ListItem","position":3,"name":"Red Bull Rally dos Ventos"}]},{"@type":"WebSite","@id":"https:\/\/www.atins.me\/es\/#website","url":"https:\/\/www.atins.me\/es\/","name":"Atins","description":"Len\u00e7\u00f3is Maranhenses","potentialAction":[{"@type":"SearchAction","target":{"@type":"EntryPoint","urlTemplate":"https:\/\/www.atins.me\/es\/?s={search_term_string}"},"query-input":"required name=search_term_string"}],"inLanguage":"de"},{"@type":"Person","@id":"https:\/\/www.atins.me\/es\/#\/schema\/person\/66b52fa648e16580cc9a40548640b626","name":"Olaf","image":{"@type":"ImageObject","inLanguage":"de","@id":"https:\/\/www.atins.me\/es\/#\/schema\/person\/image\/","url":"https:\/\/secure.gravatar.com\/avatar\/00dd2af7bccea7faa7663ae6af4e85f4?s=96&d=mm&r=g","contentUrl":"https:\/\/secure.gravatar.com\/avatar\/00dd2af7bccea7faa7663ae6af4e85f4?s=96&d=mm&r=g","caption":"Olaf"},"url":"https:\/\/www.atins.me\/de\/author\/olaf\/"}]}},"jetpack_featured_media_url":"https:\/\/www.atins.me\/wp-content\/uploads\/2014\/09\/Red-Bull-Rally-de-Ventos.jpg","jetpack_sharing_enabled":true,"_links":{"self":[{"href":"https:\/\/www.atins.me\/de\/wp-json\/wp\/v2\/posts\/11292"}],"collection":[{"href":"https:\/\/www.atins.me\/de\/wp-json\/wp\/v2\/posts"}],"about":[{"href":"https:\/\/www.atins.me\/de\/wp-json\/wp\/v2\/types\/post"}],"author":[{"embeddable":true,"href":"https:\/\/www.atins.me\/de\/wp-json\/wp\/v2\/users\/2"}],"replies":[{"embeddable":true,"href":"https:\/\/www.atins.me\/de\/wp-json\/wp\/v2\/comments?post=11292"}],"version-history":[{"count":0,"href":"https:\/\/www.atins.me\/de\/wp-json\/wp\/v2\/posts\/11292\/revisions"}],"wp:featuredmedia":[{"embeddable":true,"href":"https:\/\/www.atins.me\/de\/wp-json\/wp\/v2\/media\/10052"}],"wp:attachment":[{"href":"https:\/\/www.atins.me\/de\/wp-json\/wp\/v2\/media?parent=11292"}],"wp:term":[{"taxonomy":"category","embeddable":true,"href":"https:\/\/www.atins.me\/de\/wp-json\/wp\/v2\/categories?post=11292"},{"taxonomy":"post_tag","embeddable":true,"href":"https:\/\/www.atins.me\/de\/wp-json\/wp\/v2\/tags?post=11292"}],"curies":[{"name":"wp","href":"https:\/\/api.w.org\/{rel}","templated":true}]}}