{"id":11241,"date":"2015-11-02T19:10:41","date_gmt":"2015-11-02T22:10:41","guid":{"rendered":"https:\/\/www.atins.me\/de\/more-amazing-pictures-of-the-lencois-maranhenses\/"},"modified":"2015-11-02T19:10:41","modified_gmt":"2015-11-02T22:10:41","slug":"more-amazing-pictures-of-the-lencois-maranhenses","status":"publish","type":"post","link":"https:\/\/www.atins.me\/de\/more-amazing-pictures-of-the-lencois-maranhenses\/","title":{"rendered":"More amazing pictures of the Len\u00e7\u00f3is Maranhenses"},"content":{"rendered":"<p>Some really amazing aerial pics of the Len\u00e7\u00f3is Maranhenses from this Russian team of photographers.<\/p>\n<p><a href=\"http:\/\/www.airpano.com\/360Degree-VirtualTour.php?3D=Lencois-Brazil\" target=\"_blank\">360\u00b0 Aerial Panoramas of the Len\u00e7\u00f3is Maranhenses<\/a><\/p>\n<p><img decoding=\"async\" loading=\"lazy\" class=\"alignnone size-full wp-image-9839\" src=\"https:\/\/www.atins.me\/wp-content\/uploads\/2015\/11\/Blog.jpg\" alt=\"Blog\" width=\"952\" height=\"379\" srcset=\"https:\/\/www.atins.me\/wp-content\/uploads\/2015\/11\/Blog.jpg 952w, https:\/\/www.atins.me\/wp-content\/uploads\/2015\/11\/Blog-300x119.jpg 300w\" sizes=\"(max-width: 952px) 100vw, 952px\" \/><\/p>\n","protected":false},"excerpt":{"rendered":"<p>Some really amazing aerial pics of the Len\u00e7\u00f3is Maranhenses from this Russian team of photographers. 360\u00b0 Aerial Panoramas of the Len\u00e7\u00f3is Maranhenses<\/p>\n","protected":false},"author":2,"featured_media":9841,"comment_status":"closed","ping_status":"closed","sticky":false,"template":"","format":"standard","meta":{"_mi_skip_tracking":false,"_monsterinsights_sitenote_active":false,"_monsterinsights_sitenote_note":"","_monsterinsights_sitenote_category":0,"footnotes":""},"categories":[145],"tags":[],"yoast_head":"<!-- This site is optimized with the Yoast SEO plugin v21.0 - https:\/\/yoast.com\/wordpress\/plugins\/seo\/ -->\n<title>More amazing pictures of the Len\u00e7\u00f3is Maranhenses &ndash; Atins<\/title>\n<meta name=\"robots\" content=\"noindex, follow\" \/>\n<meta property=\"og:locale\" content=\"de_DE\" \/>\n<meta property=\"og:type\" content=\"article\" \/>\n<meta property=\"og:title\" content=\"More amazing pictures of the Len\u00e7\u00f3is Maranhenses &ndash; Atins\" \/>\n<meta property=\"og:description\" content=\"Some really amazing aerial pics of the Len\u00e7\u00f3is Maranhenses from this Russian team of photographers. 360\u00b0 Aerial Panoramas of the Len\u00e7\u00f3is Maranhenses\" \/>\n<meta property=\"og:url\" content=\"https:\/\/www.atins.me\/de\/more-amazing-pictures-of-the-lencois-maranhenses\/\" \/>\n<meta property=\"og:site_name\" content=\"Atins\" \/>\n<meta property=\"article:publisher\" content=\"http:\/\/www.facebook.com\/conventoarcadia\" \/>\n<meta property=\"article:published_time\" content=\"2015-11-02T22:10:41+00:00\" \/>\n<meta property=\"og:image\" content=\"https:\/\/www.atins.me\/wp-content\/uploads\/2015\/11\/Blog.jpg\" \/>\n\t<meta property=\"og:image:width\" content=\"952\" \/>\n\t<meta property=\"og:image:height\" content=\"379\" \/>\n\t<meta property=\"og:image:type\" content=\"image\/jpeg\" \/>\n<meta name=\"author\" content=\"Olaf\" \/>\n<meta name=\"twitter:card\" content=\"summary_large_image\" \/>\n<meta name=\"twitter:creator\" content=\"@atinsme\" \/>\n<meta name=\"twitter:site\" content=\"@atinsme\" \/>\n<meta name=\"twitter:label1\" content=\"Written by\" \/>\n\t<meta name=\"twitter:data1\" content=\"Olaf\" \/>\n<script type=\"application\/ld+json\" class=\"yoast-schema-graph\">{\"@context\":\"https:\/\/schema.org\",\"@graph\":[{\"@type\":\"WebPage\",\"@id\":\"https:\/\/www.atins.me\/de\/more-amazing-pictures-of-the-lencois-maranhenses\/\",\"url\":\"https:\/\/www.atins.me\/de\/more-amazing-pictures-of-the-lencois-maranhenses\/\",\"name\":\"More amazing pictures of the Len\u00e7\u00f3is Maranhenses &ndash; Atins\",\"isPartOf\":{\"@id\":\"https:\/\/www.atins.me\/es\/#website\"},\"datePublished\":\"2015-11-02T22:10:41+00:00\",\"dateModified\":\"2015-11-02T22:10:41+00:00\",\"author\":{\"@id\":\"https:\/\/www.atins.me\/es\/#\/schema\/person\/66b52fa648e16580cc9a40548640b626\"},\"breadcrumb\":{\"@id\":\"https:\/\/www.atins.me\/de\/more-amazing-pictures-of-the-lencois-maranhenses\/#breadcrumb\"},\"inLanguage\":\"de\",\"potentialAction\":[{\"@type\":\"ReadAction\",\"target\":[\"https:\/\/www.atins.me\/de\/more-amazing-pictures-of-the-lencois-maranhenses\/\"]}]},{\"@type\":\"BreadcrumbList\",\"@id\":\"https:\/\/www.atins.me\/de\/more-amazing-pictures-of-the-lencois-maranhenses\/#breadcrumb\",\"itemListElement\":[{\"@type\":\"ListItem\",\"position\":1,\"name\":\"Home\",\"item\":\"https:\/\/www.atins.me\/de\/\"},{\"@type\":\"ListItem\",\"position\":2,\"name\":\"Len\u00e7\u00f3is Maranhenses\",\"item\":\"https:\/\/www.atins.me\/de\/c\/lencois-maranhenses-de\/\"},{\"@type\":\"ListItem\",\"position\":3,\"name\":\"More amazing pictures of the Len\u00e7\u00f3is Maranhenses\"}]},{\"@type\":\"WebSite\",\"@id\":\"https:\/\/www.atins.me\/es\/#website\",\"url\":\"https:\/\/www.atins.me\/es\/\",\"name\":\"Atins\",\"description\":\"Len\u00e7\u00f3is Maranhenses\",\"potentialAction\":[{\"@type\":\"SearchAction\",\"target\":{\"@type\":\"EntryPoint\",\"urlTemplate\":\"https:\/\/www.atins.me\/es\/?s={search_term_string}\"},\"query-input\":\"required name=search_term_string\"}],\"inLanguage\":\"de\"},{\"@type\":\"Person\",\"@id\":\"https:\/\/www.atins.me\/es\/#\/schema\/person\/66b52fa648e16580cc9a40548640b626\",\"name\":\"Olaf\",\"image\":{\"@type\":\"ImageObject\",\"inLanguage\":\"de\",\"@id\":\"https:\/\/www.atins.me\/es\/#\/schema\/person\/image\/\",\"url\":\"https:\/\/secure.gravatar.com\/avatar\/00dd2af7bccea7faa7663ae6af4e85f4?s=96&d=mm&r=g\",\"contentUrl\":\"https:\/\/secure.gravatar.com\/avatar\/00dd2af7bccea7faa7663ae6af4e85f4?s=96&d=mm&r=g\",\"caption\":\"Olaf\"},\"url\":\"https:\/\/www.atins.me\/de\/author\/olaf\/\"}]}<\/script>\n<!-- \/ Yoast SEO plugin. -->","yoast_head_json":{"title":"More amazing pictures of the Len\u00e7\u00f3is Maranhenses &ndash; Atins","robots":{"index":"noindex","follow":"follow"},"og_locale":"de_DE","og_type":"article","og_title":"More amazing pictures of the Len\u00e7\u00f3is Maranhenses &ndash; Atins","og_description":"Some really amazing aerial pics of the Len\u00e7\u00f3is Maranhenses from this Russian team of photographers. 360\u00b0 Aerial Panoramas of the Len\u00e7\u00f3is Maranhenses","og_url":"https:\/\/www.atins.me\/de\/more-amazing-pictures-of-the-lencois-maranhenses\/","og_site_name":"Atins","article_publisher":"http:\/\/www.facebook.com\/conventoarcadia","article_published_time":"2015-11-02T22:10:41+00:00","og_image":[{"width":952,"height":379,"url":"https:\/\/www.atins.me\/wp-content\/uploads\/2015\/11\/Blog.jpg","type":"image\/jpeg"}],"author":"Olaf","twitter_card":"summary_large_image","twitter_creator":"@atinsme","twitter_site":"@atinsme","twitter_misc":{"Written by":"Olaf"},"schema":{"@context":"https:\/\/schema.org","@graph":[{"@type":"WebPage","@id":"https:\/\/www.atins.me\/de\/more-amazing-pictures-of-the-lencois-maranhenses\/","url":"https:\/\/www.atins.me\/de\/more-amazing-pictures-of-the-lencois-maranhenses\/","name":"More amazing pictures of the Len\u00e7\u00f3is Maranhenses &ndash; Atins","isPartOf":{"@id":"https:\/\/www.atins.me\/es\/#website"},"datePublished":"2015-11-02T22:10:41+00:00","dateModified":"2015-11-02T22:10:41+00:00","author":{"@id":"https:\/\/www.atins.me\/es\/#\/schema\/person\/66b52fa648e16580cc9a40548640b626"},"breadcrumb":{"@id":"https:\/\/www.atins.me\/de\/more-amazing-pictures-of-the-lencois-maranhenses\/#breadcrumb"},"inLanguage":"de","potentialAction":[{"@type":"ReadAction","target":["https:\/\/www.atins.me\/de\/more-amazing-pictures-of-the-lencois-maranhenses\/"]}]},{"@type":"BreadcrumbList","@id":"https:\/\/www.atins.me\/de\/more-amazing-pictures-of-the-lencois-maranhenses\/#breadcrumb","itemListElement":[{"@type":"ListItem","position":1,"name":"Home","item":"https:\/\/www.atins.me\/de\/"},{"@type":"ListItem","position":2,"name":"Len\u00e7\u00f3is Maranhenses","item":"https:\/\/www.atins.me\/de\/c\/lencois-maranhenses-de\/"},{"@type":"ListItem","position":3,"name":"More amazing pictures of the Len\u00e7\u00f3is Maranhenses"}]},{"@type":"WebSite","@id":"https:\/\/www.atins.me\/es\/#website","url":"https:\/\/www.atins.me\/es\/","name":"Atins","description":"Len\u00e7\u00f3is Maranhenses","potentialAction":[{"@type":"SearchAction","target":{"@type":"EntryPoint","urlTemplate":"https:\/\/www.atins.me\/es\/?s={search_term_string}"},"query-input":"required name=search_term_string"}],"inLanguage":"de"},{"@type":"Person","@id":"https:\/\/www.atins.me\/es\/#\/schema\/person\/66b52fa648e16580cc9a40548640b626","name":"Olaf","image":{"@type":"ImageObject","inLanguage":"de","@id":"https:\/\/www.atins.me\/es\/#\/schema\/person\/image\/","url":"https:\/\/secure.gravatar.com\/avatar\/00dd2af7bccea7faa7663ae6af4e85f4?s=96&d=mm&r=g","contentUrl":"https:\/\/secure.gravatar.com\/avatar\/00dd2af7bccea7faa7663ae6af4e85f4?s=96&d=mm&r=g","caption":"Olaf"},"url":"https:\/\/www.atins.me\/de\/author\/olaf\/"}]}},"jetpack_featured_media_url":"https:\/\/www.atins.me\/wp-content\/uploads\/2015\/11\/Blog.jpg","jetpack_sharing_enabled":true,"_links":{"self":[{"href":"https:\/\/www.atins.me\/de\/wp-json\/wp\/v2\/posts\/11241"}],"collection":[{"href":"https:\/\/www.atins.me\/de\/wp-json\/wp\/v2\/posts"}],"about":[{"href":"https:\/\/www.atins.me\/de\/wp-json\/wp\/v2\/types\/post"}],"author":[{"embeddable":true,"href":"https:\/\/www.atins.me\/de\/wp-json\/wp\/v2\/users\/2"}],"replies":[{"embeddable":true,"href":"https:\/\/www.atins.me\/de\/wp-json\/wp\/v2\/comments?post=11241"}],"version-history":[{"count":0,"href":"https:\/\/www.atins.me\/de\/wp-json\/wp\/v2\/posts\/11241\/revisions"}],"wp:featuredmedia":[{"embeddable":true,"href":"https:\/\/www.atins.me\/de\/wp-json\/wp\/v2\/media\/9841"}],"wp:attachment":[{"href":"https:\/\/www.atins.me\/de\/wp-json\/wp\/v2\/media?parent=11241"}],"wp:term":[{"taxonomy":"category","embeddable":true,"href":"https:\/\/www.atins.me\/de\/wp-json\/wp\/v2\/categories?post=11241"},{"taxonomy":"post_tag","embeddable":true,"href":"https:\/\/www.atins.me\/de\/wp-json\/wp\/v2\/tags?post=11241"}],"curies":[{"name":"wp","href":"https:\/\/api.w.org\/{rel}","templated":true}]}}